{"id":195453,"date":"2025-10-23T06:56:22","date_gmt":"2025-10-23T06:56:22","guid":{"rendered":"https:\/\/www.europesays.com\/es\/195453\/"},"modified":"2025-10-23T06:56:22","modified_gmt":"2025-10-23T06:56:22","slug":"recoletas-cabero-establece-su-record-de-anotacion-en-primera-nacional-ante-maravillas-noticias","status":"publish","type":"post","link":"https:\/\/www.europesays.com\/es\/195453\/","title":{"rendered":"Recoletas Cabero establece su r\u00e9cord de anotaci\u00f3n en Primera Nacional ante Maravillas | Noticias"},"content":{"rendered":"<p>\t\tRecoletas Cabero establece su r\u00e9cord de anotaci\u00f3n en Primera Nacional ante Maravillas | Noticias | Recoletas Atl\u00e9tico Valladolid<\/p>\n<p>\n            Cantera\n          <\/p>\n<ul class=\"post__meta meta\">\n<li class=\"meta__item meta__item--date\">\n              Miercoles | 22 de Octubre de 2025\n            <\/li>\n<\/ul>\n","protected":false},"excerpt":{"rendered":"Recoletas Cabero establece su r\u00e9cord de anotaci\u00f3n en Primera Nacional ante Maravillas | Noticias | Recoletas Atl\u00e9tico Valladolid&hellip;\n","protected":false},"author":2,"featured_media":195454,"comment_status":"","ping_status":"","sticky":false,"template":"","format":"standard","meta":{"footnotes":""},"categories":[278],"tags":[376,168,25,24,375,23,167],"class_list":{"0":"post-195453","1":"post","2":"type-post","3":"status-publish","4":"format-standard","5":"has-post-thumbnail","7":"category-balonmano","8":"tag-balonmano","9":"tag-deportes","10":"tag-es","11":"tag-espana","12":"tag-handball","13":"tag-spain","14":"tag-sports"},"share_on_mastodon":{"url":"https:\/\/pubeurope.com\/@es\/115422179069872065","error":""},"_links":{"self":[{"href":"https:\/\/www.europesays.com\/es\/wp-json\/wp\/v2\/posts\/195453","targetHints":{"allow":["GET"]}}],"collection":[{"href":"https:\/\/www.europesays.com\/es\/wp-json\/wp\/v2\/posts"}],"about":[{"href":"https:\/\/www.europesays.com\/es\/wp-json\/wp\/v2\/types\/post"}],"author":[{"embeddable":true,"href":"https:\/\/www.europesays.com\/es\/wp-json\/wp\/v2\/users\/2"}],"replies":[{"embeddable":true,"href":"https:\/\/www.europesays.com\/es\/wp-json\/wp\/v2\/comments?post=195453"}],"version-history":[{"count":0,"href":"https:\/\/www.europesays.com\/es\/wp-json\/wp\/v2\/posts\/195453\/revisions"}],"wp:featuredmedia":[{"embeddable":true,"href":"https:\/\/www.europesays.com\/es\/wp-json\/wp\/v2\/media\/195454"}],"wp:attachment":[{"href":"https:\/\/www.europesays.com\/es\/wp-json\/wp\/v2\/media?parent=195453"}],"wp:term":[{"taxonomy":"category","embeddable":true,"href":"https:\/\/www.europesays.com\/es\/wp-json\/wp\/v2\/categories?post=195453"},{"taxonomy":"post_tag","embeddable":true,"href":"https:\/\/www.europesays.com\/es\/wp-json\/wp\/v2\/tags?post=195453"}],"curies":[{"name":"wp","href":"https:\/\/api.w.org\/{rel}","templated":true}]}}