{"id":195467,"date":"2025-10-23T07:07:08","date_gmt":"2025-10-23T07:07:08","guid":{"rendered":"https:\/\/www.europesays.com\/es\/195467\/"},"modified":"2025-10-23T07:07:08","modified_gmt":"2025-10-23T07:07:08","slug":"afinando-al-alba-critica-del-libro-2025","status":"publish","type":"post","link":"https:\/\/www.europesays.com\/es\/195467\/","title":{"rendered":"Afinando al alba, cr\u00edtica del libro (2025)"},"content":{"rendered":"<p>Hay veces \u2014muchas m\u00e1s de las que creemos\u2014 en las que el peso de un apellido roza lo asfixiante. Tom\u00e1s, hijo menor del poeta ingl\u00e9s Robert Graves (1895-1985), evita ofrecer un relato sobre su c\u00e9lebre progenitor; primero, porque nunca fue el objetivo del libro y, en segundo lugar, porque su relaci\u00f3n fue, tal y como \u00e9l mismo asegura, m\u00e1s cercana a la de un nieto y su abuelo. Por eso, m\u00e1s que descriptivo, el retrato que ofrece Tom\u00e1s de su familia es cotidiano y genuinamente sentimental: una visi\u00f3n necesaria para comprender el papel de los Graves a la hora de abrir las puertas de Dei\u00e0 \u2014Serra de Tramuntana, Mallorca\u2014 a escritores, m\u00fasicos, poetas, outsiders y alg\u00fan que otro traficante, todos ellos provenientes del mundo anglosaj\u00f3n, en un pa\u00eds que empezaba a dejar atr\u00e1s su esp\u00edritu aut\u00e1rquico para deleitarse en las contrapartidas econ\u00f3micas del turismo. En ese sentido, Graves evoca con eficacia los impactos culturales del segundo franquismo, cuando el archipi\u00e9lago de las Baleares perdi\u00f3 su sambenito de periferia gracias a los vuelos ch\u00e1rter y los nuevos estilos musicales transformaban la forma con la que los adolescentes de relacionaban con el resto del mundo.<\/p>\n<p><strong>\u00abAfinando al alba\u00bb <\/strong>(2025) esquiva el relato grandilocuente para rememorar las fiestas domiciliares, el clima \u00edntimo de las verbenas y las fiestas patronales, las peque\u00f1as salas de conciertos y aquellas actuaciones despreocupadas sobre cuatro l\u00e1minas de contrachapado. La vacuidad del \u00e9xito como ejercicio de estatus neoliberal hace pensar que los mejores relatos no parten desde la \u00e9pica maximalista, sino desde la cotidianeidad: eso es lo que hace, de sus p\u00e1ginas, algo cercano y, por tanto, cre\u00edble. Graves podr\u00eda haber rebuscado en su memoria para ofrecer retratos de personajes medi\u00e1ticos y, sin embargo, opt\u00f3 por revivir figuras prematuramente ca\u00eddas en el olvido; por ejemplo, la del cantautor mallorqu\u00edn Toni Morl\u00e0, cuyo repertorio costumbrista nunca termin\u00f3 de cuajar con las pretensiones intelectuales de la Nova Can\u00e7\u00f3 catalana. No obstante,<strong> \u00abAfinando al alba\u00bb <\/strong>representa una oportunidad inmejorable para comprender que la escena de Canterbury iba mucho m\u00e1s all\u00e1 del territorio ingl\u00e9s: Tom\u00e1s, desde la subjetividad del espectador, ilustra con veracidad el momento en el que Daevid Allen, Robert Wyatt o Kevin Ayers paseaban por las calles de Dei\u00e0 antes de dar forma a los revolucionarios Soft Machine; m\u00e1s all\u00e1, describe con precisi\u00f3n la forma en que todos esos esp\u00edritus libres confluyeron en un mismo espacio que, a pesar de vivir atenazado por una dictadura, era percibido como un \u00faltimo remanso de paz. No podr\u00eda haber un mejor homenaje a la memoria ya casi olvidada de Ollie Halsall, el hombre de confianza de Mike Patto y Kevin Ayers y m\u00e1s tarde de m\u00fasicos espa\u00f1oles como Ramonc\u00edn, Antonio Flores o Radio Futura. Halsall, que supo traducir el lenguaje de Coltrane a la guitarra el\u00e9ctrica en solos que rozaban lo explosivo, fue miembro de lo que Graves denomina \u00abla banda desconocida m\u00e1s famosa del planeta\u00bb: vali\u00e9ndose de buenos amigos, la Pa amb Oli Band permut\u00f3 las expectativas de triunfo a cambio de devolver al rock \u2018n roll la joie de vivre que jam\u00e1s debi\u00f3 perder.<\/p>\n<p>Sus p\u00e1ginas tambi\u00e9n reviven el recuerdo de los Offbeats \u2014banda mallorquina de proto-punk en la que Graves colabor\u00f3 brevemente\u2014 antes de dar paso a sus herederos, los Sex Beatles, quienes llegaron a actuar en el festival de Glastonbury en 1979. Hay, igualmente, espacio para la m\u00fasica afrocubana a pesar de que los pioneros Tabaco \u2014combo liderado por su entonces cu\u00f1ado, Ramon Farran\u2014 apenas tengan relevancia el desarrollo del libro; sin embargo, reivindica el legado perdido de Bataban\u00f3, un proyecto aparentemente ef\u00edmero pero que ser\u00eda decisivo en la futura singladura que emprender\u00eda Santiago Auser\u00f3n \u2014entonces en Radio Futura\u2014 antes de dar vida a su Juan Perro. La falta de prejuicios con la que Graves vive la m\u00fasica, convenientemente despose\u00edda de la ortodoxia de las etiquetas, le permite encontrar placeres insospechados en cualquier rinc\u00f3n; por ejemplo, cuando empieza a explorar el mundo de la rumba a partir de sus contactos espor\u00e1dicos con los gitanos de las desaparecidas chabolas del Molinar (Palma).<\/p>\n<p>Mir\u00e1ndolo desde esa perspectiva, podr\u00eda parecer que <strong>\u00abAfinando al alba\u00bb<\/strong> es \u00fanicamente un compendio de memorias familiares y\/o musicales, aunque tambi\u00e9n aspira a ser otras cosas mediante la inclusi\u00f3n de anotaciones sociol\u00f3gicas e hist\u00f3ricas que, tal vez, cumpl\u00edan la misi\u00f3n de contextualizar al lector brit\u00e1nico, p\u00fablico objetivo de su primera edici\u00f3n en ingl\u00e9s hace dos d\u00e9cadas. A pesar de alg\u00fan que otro a\u00f1adido exclusivo \u2014la versi\u00f3n de Kultrum recupera un cap\u00edtulo perdido sobre las andanzas de Tom\u00e1s en la Nicaragua sandinista\u2014, la fidelidad hacia el texto original no ha permitido depurar imprecisiones e inexactitudes sobre el origen de ciertas tradiciones y aspectos concretos sobre la idiosincrasia insular. No perdamos de vista, sin embargo, que el objetivo de <strong>Tom\u00e1s Graves<\/strong> fue el de escribir una cr\u00f3nica honesta que consigue parte de lo puramente auditivo para perderse en lo emocional. El viaje, por tanto, ha merecido la pena.<\/p>\n<p><a href=\"https:\/\/www.mondosonoro.com\/entra-en-club-mondo\/\" rel=\"nofollow noopener\" target=\"_blank\"><img fetchpriority=\"high\" decoding=\"async\" class=\"alignnone size-full wp-image-311390\" src=\"https:\/\/www.europesays.com\/es\/wp-content\/uploads\/2025\/08\/BannerClubMondo.png\" alt=\"\" width=\"750\" height=\"167\"  \/><\/a><\/p>\n","protected":false},"excerpt":{"rendered":"Hay veces \u2014muchas m\u00e1s de las que creemos\u2014 en las que el peso de un apellido roza lo&hellip;\n","protected":false},"author":2,"featured_media":195468,"comment_status":"","ping_status":"","sticky":false,"template":"","format":"standard","meta":{"footnotes":""},"categories":[172],"tags":[224,146,147,25,24,225,23],"class_list":{"0":"post-195467","1":"post","2":"type-post","3":"status-publish","4":"format-standard","5":"has-post-thumbnail","7":"category-libros","8":"tag-books","9":"tag-entertainment","10":"tag-entretenimiento","11":"tag-es","12":"tag-espana","13":"tag-libros","14":"tag-spain"},"share_on_mastodon":{"url":"https:\/\/pubeurope.com\/@es\/115422222691690669","error":""},"_links":{"self":[{"href":"https:\/\/www.europesays.com\/es\/wp-json\/wp\/v2\/posts\/195467","targetHints":{"allow":["GET"]}}],"collection":[{"href":"https:\/\/www.europesays.com\/es\/wp-json\/wp\/v2\/posts"}],"about":[{"href":"https:\/\/www.europesays.com\/es\/wp-json\/wp\/v2\/types\/post"}],"author":[{"embeddable":true,"href":"https:\/\/www.europesays.com\/es\/wp-json\/wp\/v2\/users\/2"}],"replies":[{"embeddable":true,"href":"https:\/\/www.europesays.com\/es\/wp-json\/wp\/v2\/comments?post=195467"}],"version-history":[{"count":0,"href":"https:\/\/www.europesays.com\/es\/wp-json\/wp\/v2\/posts\/195467\/revisions"}],"wp:featuredmedia":[{"embeddable":true,"href":"https:\/\/www.europesays.com\/es\/wp-json\/wp\/v2\/media\/195468"}],"wp:attachment":[{"href":"https:\/\/www.europesays.com\/es\/wp-json\/wp\/v2\/media?parent=195467"}],"wp:term":[{"taxonomy":"category","embeddable":true,"href":"https:\/\/www.europesays.com\/es\/wp-json\/wp\/v2\/categories?post=195467"},{"taxonomy":"post_tag","embeddable":true,"href":"https:\/\/www.europesays.com\/es\/wp-json\/wp\/v2\/tags?post=195467"}],"curies":[{"name":"wp","href":"https:\/\/api.w.org\/{rel}","templated":true}]}}