{"id":195492,"date":"2025-10-23T07:21:09","date_gmt":"2025-10-23T07:21:09","guid":{"rendered":"https:\/\/www.europesays.com\/es\/195492\/"},"modified":"2025-10-23T07:21:09","modified_gmt":"2025-10-23T07:21:09","slug":"dana-white-revela-los-cambios-en-la-ley-muhammad-ali-la-ampliaremos","status":"publish","type":"post","link":"https:\/\/www.europesays.com\/es\/195492\/","title":{"rendered":"Dana White revela los cambios en la Ley Muhammad Ali: \u201cLa ampliaremos\u201d"},"content":{"rendered":"<p class=\"\">La <a href=\"https:\/\/as.com\/masdeporte\/polideportivo\/las-claves-de-la-liga-de-dana-white-que-revolucionara-el-boxeo-n\/\" target=\"_self\" rel=\"nofollow noopener\" title=\"https:\/\/as.com\/masdeporte\/polideportivo\/las-claves-de-la-liga-de-dana-white-que-revolucionara-el-boxeo-n\/\">llegada de <b>Dana White<\/b>, de la mano de Turki Al-Sheikh, al mundo del boxeo<\/a> ha causado un gran revuelo. Su proyecto, Zuffa Boxing, en el que pretende hacer un circuito similar al de la UFC, su exitosa promotora de MMA, no ha gustado a promotores, boxeadores y otra gente del gremio. Mucho menos ha ca\u00eddo bien las <b>modificaciones en la Ley Muhammad Ali,<\/b> que tiene como prioridad proteger a los boxeadores de las pr\u00e1cticas abusivas de los promotores. El estadounidense habl\u00f3 de estos cambios. <\/p>\n<p class=\"\">\u201cDefinitivamente, <b>no estoy tratando de deshacerme de ella, vamos a ampliarla.<\/b> Creo que la Ley Ali se hizo con las intenciones correctas. El hecho de que se haya implementado no significa que funcione ni que solucione nada. De hecho, complic\u00f3 muchas cosas\u201d, revel\u00f3 en una entrevista a The Ring. Esta ley, creada en el a\u00f1o 2000, ofrece a los p\u00fagiles una <b>transparencia en los contratos, adem\u00e1s de limitar el poder de estos y los organismos regidores. <\/b>Hace unos d\u00edas, la Comisi\u00f3n Atl\u00e9tica del Estado de California celebr\u00f3 una audiencia en la que <a href=\"https:\/\/as.com\/masdeporte\/polideportivo\/de-la-hoya-ataca-a-dana-white-te-importan-una-mierda-el-boxeo-y-los-boxeadores-f202510-n\/\" target=\"_self\" rel=\"nofollow noopener\" title=\"https:\/\/as.com\/masdeporte\/polideportivo\/de-la-hoya-ataca-a-dana-white-te-importan-una-mierda-el-boxeo-y-los-boxeadores-f202510-n\/\">vot\u00f3 unilateralmente a favor de aprobar los cambios propuestos<\/a>, permitiendo que TKO y sus afiliados puedan tener un <b>sistema de t\u00edtulos propios, con su liga de boxeo, cinturones y rankings.<\/b> Los boxeadores podr\u00edan escoger entre este nuevo modelo o el tradicional, gestionado por los organismos CMB, AMB, OMB y FIB. <\/p>\n<p class=\"\">Estas modificaciones, seg\u00fan promotores como \u00d3scar de la Hoya, que se mostr\u00f3 muy enfadado con todo el tema, <b>solo beneficiar\u00edan a la promotora de Dana<\/b>. \u201cY esta es la realidad: si observas d\u00f3nde estaba el boxeo y d\u00f3nde ha llegado ahora, lleg\u00f3 a un punto en el que<b> se necesitaba dinero de Arabia Saudita para hacer cualquier pelea que quisieras ver. No es sostenible. <\/b>No se puede hacer eso a largo plazo&#8230; Turki Alalshikh es un gran apasionado del deporte y ha hecho cosas incre\u00edbles en poco tiempo, pero si no lo conviertes en un negocio real, no es sostenible\u201d, se defendi\u00f3 el estadounidense. <\/p>\n<p class=\"\">\u201c<b>No se cambiar\u00e1 ni una sola palabra, absolutamente nada. Simplemente habr\u00e1 una adici\u00f3n.<\/b> Si eres luchador, puedes quedarte exactamente como est\u00e1 ahora o apostar por m\u00ed y pelear en nuestras organizaciones. Habr\u00e1 muchas opciones\u201d, continu\u00f3 Dana. Una de las quejas que ha recibido la UFC por parte de sus peleadores son los <b>sueldos bajos<\/b>. Muchos de sus luchadores han tenido que compaginar pelear con trabajos, como el campe\u00f3n del peso mosca Alexandre Pantoja que fue repartidor de comida a domicilio, o el del gallo, <a href=\"https:\/\/as.com\/masdeporte\/polideportivo\/merab-dvalishvili-se-gasto-su-bolsa-de-60000-euros-en-seis-meses-me-crei-rico-n\/\" target=\"_self\" rel=\"nofollow noopener\" title=\"https:\/\/as.com\/masdeporte\/polideportivo\/merab-dvalishvili-se-gasto-su-bolsa-de-60000-euros-en-seis-meses-me-crei-rico-n\/\">Merab Dvalishvili, que fue obrero<\/a>. <\/p>\n<p class=\"\"><b>White y la UFC fue acusada de monopolio<\/b>, un miedo que tienen en el boxeo. La compa\u00f1\u00eda de MMA perdi\u00f3 un juicio y <a href=\"https:\/\/as.com\/masdeporte\/polideportivo\/la-ufc-condenada-a-pagar-las-millonarias-indemnizaciones-que-recibiran-varios-de-sus-peleadores-n\/\" target=\"_self\" rel=\"nofollow noopener\" title=\"https:\/\/as.com\/masdeporte\/polideportivo\/la-ufc-condenada-a-pagar-las-millonarias-indemnizaciones-que-recibiran-varios-de-sus-peleadores-n\/\">tuvo que pagar 375 millones de d\u00f3lares a sus peleadores por \u201cpr\u00e1cticas anticompetitivas<\/a>\u201d. Las bolsas en boxeo son mucho m\u00e1s elevadas. Canelo \u00c1lvarez y Terence Crawford cobraron lo mismo en su \u00faltimo combate (unos 150 millones de euros) que todos los peleadores de la compa\u00f1\u00eda juntos en 2025. La UFC clasifica a sus luchadores en tres niveles seg\u00fan su relevancia y si tienen alg\u00fan t\u00edtulo en sus manos. <b>En el nivel m\u00e1s bajo, los peleadores ganan entre 10.000 y 30.000 d\u00f3lares<\/b> y, en el m\u00e1s alto entre 500.000 y 3.000.000 de d\u00f3lares por pelea. \u201cTengo mucho trabajo por hacer en los pr\u00f3ximos cinco a\u00f1os, pero lo espero con ilusi\u00f3n. Es bastante simple: empezar desde abajo y reconstruir el deporte desde cero, <b>hasta convertirlo en un negocio como hicimos con la UFC<\/b>. Al ver c\u00f3mo se construy\u00f3, tom\u00e9 todo lo que amaba del boxeo y todo lo que odiaba, y lo constru\u00ed. Har\u00e9 exactamente lo mismo con Zuffa Boxing\u201d. <\/p>\n<p class=\"\">\u201cRestaurar la confianza de los aficionados al boxeo en que, al sintonizar el programa, obtendr\u00e1n un buen producto desde la primera pelea hasta la \u00faltima, y que <b>los mejores pelear\u00e1n contra los mejores<\/b>. Las derrotas probablemente no importar\u00e1n mientras la gente se esfuerce al m\u00e1ximo. A la gente le importa ver grandes peleas. Voy a llevar este evento a lugares en ciudades donde otros promotores importantes normalmente no ir\u00edan\u201d, concluy\u00f3 White.<b> El mundo del boxeo est\u00e1 patas arriba. <\/b><\/p>\n<p>Noticias relacionadas<a href=\"https:\/\/as.com\/masdeporte\/polideportivo\/sigue-el-hostigamiento-a-canelo-su-ego-es-demasiado-grande-f202510-n\/\" class=\"s_m_w _rt-16x9\" title=\"El mexicano perdi\u00f3 su t\u00edtulo indiscutido del peso supermedio ante Terence Crawford hace casi un mes, y el mundo del boxeo sigue revolucionado con la derrota. \" data-tb-link=\"\" rel=\"nofollow noopener\" target=\"_blank\"><img decoding=\"async\" src=\"https:\/\/www.europesays.com\/es\/wp-content\/uploads\/2025\/10\/DDRSQD5EQJMPHNFN72MTNIWWJM.jpg\" alt=\"Sigue el hostigamiento a Canelo: \u201cSu ego es demasiado grande\u201d \" class=\"\" height=\"1\" width=\"1\"   loading=\"lazy\" data-tb-thumbnail=\"\"\/><\/a><a href=\"https:\/\/as.com\/masdeporte\/polideportivo\/tsarukyan-indignado-con-la-subida-de-pimblett-en-el-ranking-f202510-n\/\" class=\"s_m_w _rt-16x9\" title=\"El armenio, que pelear\u00e1 el 22 de noviembre con Dan Hooker por la oportunidad titular, reacciona al ascenso del brit\u00e1nico en las listas sin haber peleado. \" data-tb-link=\"\" rel=\"nofollow noopener\" target=\"_blank\"><img decoding=\"async\" src=\"https:\/\/www.europesays.com\/es\/wp-content\/uploads\/2025\/10\/6FFPZLVAIQZDTGXRLQU4BZXSSA.jpg\" alt=\"Tsarukyan, indignado con la subida de Pimblett en el ranking \" class=\"\" height=\"1\" width=\"1\"   loading=\"lazy\" data-tb-thumbnail=\"\"\/><\/a><\/p>\n<p class=\"\"><b>\u00a1Tus opiniones importan!<\/b> Comenta en los art\u00edculos y suscr\u00edbete gratis a nuestra <a href=\"https:\/\/asfan.as.com\/newsletters\/\" target=\"_blank\" rel=\"nofollow noopener\" title=\"https:\/\/asfan.as.com\/newsletters\/\">newsletter<\/a> y a las alertas informativas en la <a href=\"https:\/\/as.com\/aplicacion-de-as-n\/\" target=\"_blank\" rel=\"nofollow noopener\" title=\"https:\/\/as.com\/aplicacion-de-as-n\/\">App<\/a> o el canal de <a href=\"https:\/\/www.whatsapp.com\/channel\/0029VaAasdA7j6g745nz9M10\" target=\"_blank\" rel=\"nofollow noopener\" title=\"https:\/\/www.whatsapp.com\/channel\/0029VaAasdA7j6g745nz9M10\">WhatsApp<\/a>. <\/p>\n<p class=\"\">\u00bfBuscas licenciar contenido? Haz clic <a href=\"https:\/\/profesional.elpais.com\/soluciones-sindicacion?utm_medium=interno&amp;utm_source=crosslinking&amp;utm_campaign=sindicacion_as_pie_articulos\" target=\"_blank\" rel=\"nofollow noopener\" title=\"https:\/\/profesional.elpais.com\/soluciones-sindicacion?utm_medium=interno&amp;utm_source=crosslinking&amp;utm_campaign=sindicacion_as_pie_articulos\">aqu\u00ed<\/a><\/p>\n","protected":false},"excerpt":{"rendered":"La llegada de Dana White, de la mano de Turki Al-Sheikh, al mundo del boxeo ha causado un&hellip;\n","protected":false},"author":2,"featured_media":195493,"comment_status":"","ping_status":"","sticky":false,"template":"","format":"standard","meta":{"footnotes":""},"categories":[276],"tags":[168,25,24,23,167,343],"class_list":{"0":"post-195492","1":"post","2":"type-post","3":"status-publish","4":"format-standard","5":"has-post-thumbnail","7":"category-ufc","8":"tag-deportes","9":"tag-es","10":"tag-espana","11":"tag-spain","12":"tag-sports","13":"tag-ufc"},"share_on_mastodon":{"url":"https:\/\/pubeurope.com\/@es\/115422277725540176","error":""},"_links":{"self":[{"href":"https:\/\/www.europesays.com\/es\/wp-json\/wp\/v2\/posts\/195492","targetHints":{"allow":["GET"]}}],"collection":[{"href":"https:\/\/www.europesays.com\/es\/wp-json\/wp\/v2\/posts"}],"about":[{"href":"https:\/\/www.europesays.com\/es\/wp-json\/wp\/v2\/types\/post"}],"author":[{"embeddable":true,"href":"https:\/\/www.europesays.com\/es\/wp-json\/wp\/v2\/users\/2"}],"replies":[{"embeddable":true,"href":"https:\/\/www.europesays.com\/es\/wp-json\/wp\/v2\/comments?post=195492"}],"version-history":[{"count":0,"href":"https:\/\/www.europesays.com\/es\/wp-json\/wp\/v2\/posts\/195492\/revisions"}],"wp:featuredmedia":[{"embeddable":true,"href":"https:\/\/www.europesays.com\/es\/wp-json\/wp\/v2\/media\/195493"}],"wp:attachment":[{"href":"https:\/\/www.europesays.com\/es\/wp-json\/wp\/v2\/media?parent=195492"}],"wp:term":[{"taxonomy":"category","embeddable":true,"href":"https:\/\/www.europesays.com\/es\/wp-json\/wp\/v2\/categories?post=195492"},{"taxonomy":"post_tag","embeddable":true,"href":"https:\/\/www.europesays.com\/es\/wp-json\/wp\/v2\/tags?post=195492"}],"curies":[{"name":"wp","href":"https:\/\/api.w.org\/{rel}","templated":true}]}}