{"id":195498,"date":"2025-10-23T07:25:27","date_gmt":"2025-10-23T07:25:27","guid":{"rendered":"https:\/\/www.europesays.com\/es\/195498\/"},"modified":"2025-10-23T07:25:27","modified_gmt":"2025-10-23T07:25:27","slug":"el-anuncio-que-hizo-alpine-antes-de-la-clasificacion-del-gran-premio-de-italia-ole","status":"publish","type":"post","link":"https:\/\/www.europesays.com\/es\/195498\/","title":{"rendered":"El anuncio que hizo Alpine antes de la clasificaci\u00f3n del Gran Premio de Italia :: Ol\u00e9"},"content":{"rendered":"<p>06\/09\/2025 08:32hs.<\/p>\n<p>Horas antes de que comience la clasificaci\u00f3n del <strong><a href=\"https:\/\/www.ole.com.ar\/autos\/formula-1-vivo-clasificacion-gp-italia-franco-colapinto-alpine_0_6BUkECMgaf.html\" title=\"Gran Premio de Italia\" alt=\"Gran Premio de Italia\" rel=\"nofollow noopener\" target=\"_blank\">Gran Premio de Italia<\/a><\/strong> en Monza, <strong><a href=\"https:\/\/www.ole.com.ar\/tema\/alpine.html\" target=\"_blank\" title=\"Alpine\" alt=\"Alpine\" class=\"slug\" rel=\"nofollow noopener\">Alpine<\/a> <\/strong>hizo un importante anuncio de cara al futuro en todas sus redes sociales oficiales.<\/p>\n<p>Se trata de la renovaci\u00f3n de <strong><a href=\"https:\/\/www.ole.com.ar\/tema\/pierre-gasly.html\" title=\"Pierre Gasly\" alt=\"Pierre Gasly\" class=\"slug\" rel=\"nofollow noopener\" target=\"_blank\">Pierre Gasly<\/a><\/strong>, piloto que extendi\u00f3 su v\u00ednculo con el equipo hasta 2028. \u00ab<strong>Reafirmando su compromiso, nuestro franc\u00e9s firma un contrato a largo plazo<\/strong>\u00ab, asegur\u00f3 la escuder\u00eda.<\/p>\n<p>El antecedente que ilusiona a Pierre Gasly en Monza<\/p>\n<p>La temporada 2020 fue inusual para todos, tanto para pilotos como mec\u00e1nicos y directivos. Sin embargo, ese fue un a\u00f1o que <strong>Pierre Gasly <\/strong>debe atesorar para siempre por haber sido, hasta el momento, su \u00fanica victoria en la F\u00f3rmula 1.<\/p>\n<p>En Monza, sin hinchas en las tribunas, el franc\u00e9s (que corr\u00eda para AlphaTauri, hoy Racing Bulls) fue el primero en ver la bandera a cuadros y se subi\u00f3 al podio con el espa\u00f1ol que manejaba para McLaren, <strong><a href=\"https:\/\/www.ole.com.ar\/tema\/carlos-sainz.html\" title=\"Carlos Sainz\" alt=\"Carlos Sainz\" class=\"slug\" rel=\"nofollow noopener\" target=\"_blank\">Carlos Sainz<\/a><\/strong> (2\u00b0) y el canadiense de Racing Point (actualmente Aston Martin), <strong><a href=\"https:\/\/www.ole.com.ar\/tema\/lance-stroll.html\" title=\"Lance Stroll\" alt=\"Lance Stroll\" class=\"slug\" rel=\"nofollow noopener\" target=\"_blank\">Lance Stroll<\/a> <\/strong>(3\u00b0).<\/p>\n<p><img alt=\"Pierre Gasly con Alpine. (REUTER)\" loading=\"lazy\" width=\"720\" height=\"100\" decoding=\"async\" data-nimg=\"1\" style=\"color:transparent\" src=\"https:\/\/www.europesays.com\/es\/wp-content\/uploads\/2025\/09\/4a5sA7vF2_720x0__1.jpg\"\/>Pierre Gasly con Alpine. (REUTER)<\/p>\n<p>\u00abSiempre es bueno manejar ac\u00e1 y, obviamente, es un lugar con recuerdos y un significado especial para m\u00ed, sobre todo porque vivo cerca, en Mil\u00e1n, y durante el fin de semana puedo quedarme en casa. Manejar por la recta principal es una sensaci\u00f3n \u00fanica y las altas velocidades siempre resultan incre\u00edbles\u00bb, reconoci\u00f3.<\/p>\n<p><img alt=\"Pierre Gasly. (REUTER)\" loading=\"lazy\" width=\"720\" height=\"100\" decoding=\"async\" data-nimg=\"1\" style=\"color:transparent\" src=\"https:\/\/www.europesays.com\/es\/wp-content\/uploads\/2025\/10\/NZ1jWWaeB_720x0__1.jpg\"\/>Pierre Gasly. (REUTER)<\/p>\n<p>El cronograma del Gran Premio de Italia<\/p>\n<p>Luego de la jornada del viernes, este s\u00e1bado se llevar\u00e1 a cabo la FP3 (7:30) y la clasificaci\u00f3n (11:00) que definir\u00e1 el orden de salida para la carrera. Finalmente, el Gran Premio dar\u00e1 comienzo el domingo 7 de septiembre a las 10hs de Argentina.<\/p>\n<p><a href=\"https:\/\/www.ole.com.ar\/copa-argentina\/video-final-caliente-tigre-independiente-rivadavia-expulsados_0_o21BLxyo1c.html\" aria-label=\"Video: el final caliente de Tigre - Independiente Rivadavia, con tres expulsados\" class=\"sc-198398ff-0 dGmAry\" rel=\"nofollow noopener\" target=\"_blank\"><img alt=\"Video: el final caliente de Tigre - Independiente Rivadavia, con tres expulsados\" loading=\"lazy\" width=\"290\" height=\"290\" decoding=\"async\" data-nimg=\"1\" style=\"color:transparent\" src=\"https:\/\/www.europesays.com\/es\/wp-content\/uploads\/2025\/10\/N9HG5q8XR_290x290__1.jpg\"\/><\/p>\n<p>Mir\u00e1 tambi\u00e9nVideo: el final caliente de Tigre &#8211; Independiente Rivadavia, con tres expulsados<\/p>\n<p><a href=\"https:\/\/www.ole.com.ar\/tenis\/gustavo-fernandez-campeon-dobles-tenis-adaptado-us-open_0_B2FQKdRJwH.html\" aria-label=\"Gustavo Fern\u00e1ndez es campe\u00f3n del dobles adaptado en el US Open\" class=\"sc-198398ff-0 dGmAry\" rel=\"nofollow noopener\" target=\"_blank\"><img alt=\"Gustavo Fern\u00e1ndez es campe\u00f3n del dobles adaptado en el US Open\" loading=\"lazy\" width=\"290\" height=\"290\" decoding=\"async\" data-nimg=\"1\" style=\"color:transparent\" src=\"https:\/\/www.europesays.com\/es\/wp-content\/uploads\/2025\/10\/D54p-UEJV_290x290__1.jpg\"\/><\/p>\n<p>Mir\u00e1 tambi\u00e9nGustavo Fern\u00e1ndez es campe\u00f3n del dobles adaptado en el US Open<\/p>\n<p><a href=\"https:\/\/www.ole.com.ar\/tenis\/gustavo-fernandez-campeon-dobles-tenis-adaptado-us-open_0_B2FQKdRJwH.html\" aria-label=\"Gustavo Fern\u00e1ndez es campe\u00f3n del dobles adaptado en el US Open\" class=\"sc-198398ff-0 dGmAry\" rel=\"nofollow noopener\" target=\"_blank\"><img alt=\"Gustavo Fern\u00e1ndez es campe\u00f3n del dobles adaptado en el US Open\" loading=\"lazy\" width=\"290\" height=\"290\" decoding=\"async\" data-nimg=\"1\" style=\"color:transparent\" src=\"https:\/\/www.europesays.com\/es\/wp-content\/uploads\/2025\/10\/D54p-UEJV_290x290__1.jpg\"\/><\/p>\n<p>Mir\u00e1 tambi\u00e9nGustavo Fern\u00e1ndez es campe\u00f3n del dobles adaptado en el US Open<\/p>\n","protected":false},"excerpt":{"rendered":"06\/09\/2025 08:32hs. Horas antes de que comience la clasificaci\u00f3n del Gran Premio de Italia en Monza, Alpine hizo&hellip;\n","protected":false},"author":2,"featured_media":195499,"comment_status":"","ping_status":"","sticky":false,"template":"","format":"standard","meta":{"footnotes":""},"categories":[270],"tags":[1331,168,25,24,306,271,272,1330,23,167],"class_list":{"0":"post-195498","1":"post","2":"type-post","3":"status-publish","4":"format-standard","5":"has-post-thumbnail","7":"category-formula-1","8":"tag-alpine","9":"tag-deportes","10":"tag-es","11":"tag-espana","12":"tag-f1","13":"tag-formula-1","14":"tag-formula1","15":"tag-pierre-gasly","16":"tag-spain","17":"tag-sports"},"share_on_mastodon":{"url":"https:\/\/pubeurope.com\/@es\/115422293374960122","error":""},"_links":{"self":[{"href":"https:\/\/www.europesays.com\/es\/wp-json\/wp\/v2\/posts\/195498","targetHints":{"allow":["GET"]}}],"collection":[{"href":"https:\/\/www.europesays.com\/es\/wp-json\/wp\/v2\/posts"}],"about":[{"href":"https:\/\/www.europesays.com\/es\/wp-json\/wp\/v2\/types\/post"}],"author":[{"embeddable":true,"href":"https:\/\/www.europesays.com\/es\/wp-json\/wp\/v2\/users\/2"}],"replies":[{"embeddable":true,"href":"https:\/\/www.europesays.com\/es\/wp-json\/wp\/v2\/comments?post=195498"}],"version-history":[{"count":0,"href":"https:\/\/www.europesays.com\/es\/wp-json\/wp\/v2\/posts\/195498\/revisions"}],"wp:featuredmedia":[{"embeddable":true,"href":"https:\/\/www.europesays.com\/es\/wp-json\/wp\/v2\/media\/195499"}],"wp:attachment":[{"href":"https:\/\/www.europesays.com\/es\/wp-json\/wp\/v2\/media?parent=195498"}],"wp:term":[{"taxonomy":"category","embeddable":true,"href":"https:\/\/www.europesays.com\/es\/wp-json\/wp\/v2\/categories?post=195498"},{"taxonomy":"post_tag","embeddable":true,"href":"https:\/\/www.europesays.com\/es\/wp-json\/wp\/v2\/tags?post=195498"}],"curies":[{"name":"wp","href":"https:\/\/api.w.org\/{rel}","templated":true}]}}