{"id":195506,"date":"2025-10-23T07:29:14","date_gmt":"2025-10-23T07:29:14","guid":{"rendered":"https:\/\/www.europesays.com\/es\/195506\/"},"modified":"2025-10-23T07:29:14","modified_gmt":"2025-10-23T07:29:14","slug":"las-naturalezas-muertas-de-don-mccullin-la-quietud-despues-del-estruendo-babelia","status":"publish","type":"post","link":"https:\/\/www.europesays.com\/es\/195506\/","title":{"rendered":"Las naturalezas muertas de Don McCullin: la quietud despu\u00e9s del estruendo | Babelia"},"content":{"rendered":"<p class=\"\"><a href=\"https:\/\/elpais.com\/cultura\/2019\/02\/07\/babelia\/1549541669_310862.html\" rel=\"nofollow noopener\" target=\"_blank\">Don McCullin<\/a> (Londres, 1935), ten\u00eda cinco a\u00f1os cuando por primera vez lleg\u00f3 al condado de Somerset, al sureste de Inglaterra. Baj\u00f3 del tren en la estaci\u00f3n de Frome, cogido de una mano a su hermana peque\u00f1a; en la otra, llevaba una m\u00e1scara de gas. Hab\u00edan sido evacuados de Londres huyendo de los bombardeos. Se dirigieron a Norton Saint Philip. Ella fue acogida en una mansi\u00f3n; \u00e9l, en la casa de unos labradores. All\u00ed pas\u00f3 dos a\u00f1os, hasta que pudo volver solo a la casa familiar en Finsbury Park, un suburbio de la capital brit\u00e1nica. Su hermana permaneci\u00f3 en el campo, adoptada por la familia que la hab\u00eda acogido.<\/p>\n<p class=\"\">D\u00e9cadas m\u00e1s tarde, el fot\u00f3grafo regres\u00f3 a Somerset, esta vez cargado con el peso de todo lo que hab\u00eda visto: las guerras, las revoluciones, las hambrunas y los desastres naturales que hab\u00eda documentado con su c\u00e1mara, dando forma a poderosos testimonios de la dignidad y la humanidad de quienes enfrentan al lado m\u00e1s duro y oscuro de la vida. Result\u00f3 gravemente herido en Camboya, fue expulsado de Vietnam, encarcelado en Uganda y perseguido en L\u00edbano. En cada una de sus im\u00e1genes se revelaba el rostro de ese lado de la humanidad que la sociedad ignora o prefiere no ver.<\/p>\n<p class=\"\">Desde finales de la d\u00e9cada de los ochenta, aquellos parajes h\u00famedos y melanc\u00f3licos de su infancia se convirtieron en su hogar y, a la vez, en un lugar de redenci\u00f3n, mientras \u201csaltaba por encima de las verjas de las granjas y de los alambres de espino en la aurora y la desolaci\u00f3n del invierno, practicando la paciencia en climas hostiles, cuando los \u00e1rboles desnudos muestran su car\u00e1cter verdadero\u201d, como escribe el fot\u00f3grafo en <a href=\"https:\/\/gostbooks.com\/products\/the-stillness-of-life\" rel=\"nofollow noopener\" target=\"_blank\">The Stillness of Life,<\/a> una monograf\u00eda que re\u00fane, en su mayor\u00eda, paisajes y bodegones in\u00e9ditos, con los que, en los \u00faltimos a\u00f1os, el autor ha buscado diluir \u2014e incluso corregir\u2014 <a href=\"https:\/\/elpais.com\/eps\/2025-04-06\/don-mccullin-el-fotografo-que-fue-mas-alla-del-ruido-y-la-furia-de-la-guerra.html\" rel=\"nofollow noopener\" target=\"_blank\">la persistente asociaci\u00f3n de su obra con la guerra<\/a>, la muerte y la destrucci\u00f3n, una lectura que \u00e9l mismo considera err\u00f3nea.<\/p>\n<p><img decoding=\"auto\" class=\"_re lazyload a_m-h\" height=\"316\"  width=\"414\"  src=\"https:\/\/www.europesays.com\/es\/wp-content\/uploads\/2025\/10\/56KOAG6KV5BB3MYUBJET2ZN3LA.jpg\" loading=\"lazy\"\/> \u2018Gladiolos en el cobertizo de mi jard\u00edn\u2019. Don McCullin<\/p>\n<p class=\"\">Resulta evidente que las fotograf\u00edas de McCullin, realizadas en tiempos de guerra o desastre, trascienden el mero documento hist\u00f3rico; llegan all\u00ed donde no alcanzan las palabras, y en su grandiosidad est\u00e9tica encierran una profunda carga emocional. La misma que transmiten sus silenciosos bodegones, donde los bustos romanos aparecen rodeados de plantas que reflejan el implacable paso del invierno; las setas reci\u00e9n recogidas reposan junto al bronce de un caballo; budas y dragones se entrelazan con flores; un p\u00e1jaro yace muerto sobre la nieve, mientras otro ha quedado encerrado en una c\u00e1psula de cristal junto a una fruta madura. Composiciones que se asemejan a altares improvisados, a ofrendas espont\u00e1neas que parecen hablar del ciclo natural de la vida, de lo ef\u00edmero de la existencia, y que, al mismo tiempo celebran la belleza.<\/p>\n<p class=\"\">\u201cLa belleza es una palabra inc\u00f3moda para m\u00ed\u201d, afirma el fot\u00f3grafo, en una entrevista por correo electr\u00f3nico. \u201cMiro los grandes templos y monumentos del mundo y pienso en el dolor y el sufrimiento que hubo detr\u00e1s de su construcci\u00f3n. Por otro lado, fotografiar cosas bellas es un gran alivio. Es sanador. No tengo que pedirles permiso para encuadrar la toma\u201d.<\/p>\n<p class=\"\">Inspirados en la tradici\u00f3n de bodegones holandeses del siglo XVII, las naturalezas muertas comenzaron siendo un ejercicio de distracci\u00f3n para su autor, quien, d\u00eda a d\u00eda, en el cobertizo del jard\u00edn, fue dando forma a unos arreglos cuidadosamente estructurados, utilizando como fondo una pared ennegrecida con holl\u00edn, mientras la luz se filtraba por el cristal mugriento de la ventana. Sin embargo, los bodegones de McCullin no deben entenderse como una obra menor ni como una pr\u00e1ctica tard\u00eda desvinculada de su trayectoria como fotoperiodista. Lo mismo ocurre con los paisajes que se incluyen en la publicaci\u00f3n, en cuyas amenazadoras nubes parece condensarse la gran densidad expresiva que define la obra del artista. Re\u00fanen los mismos principios formales, el mismo dramatismo y el mismo rigor t\u00e9cnico que definieron su trabajo en zonas de conflicto.<\/p>\n<p><img decoding=\"auto\" class=\"_re lazyload a_m-v\" height=\"619\"  width=\"414\"  src=\"https:\/\/www.europesays.com\/es\/wp-content\/uploads\/2025\/10\/OJM7OR3SEJFBFJZS4QIG4MMJ2A.jpg\" loading=\"lazy\"\/>\u2018Una v\u00edctima del invierno. El final de un d\u00eda en un pueblo donde viv\u00ed alguna vez, Hertfordshire\u2019.Don McCullin<\/p>\n<p class=\"\">La calidad de sus copias, con su amplio rango tonal, no es accidental, sino el resultado de d\u00e9cadas de experiencia en el cuarto oscuro, donde el fot\u00f3grafo brit\u00e1nico ha perfeccionado un lenguaje visual propio. Dice conservar unas 10,000 copias realizadas en el cuarto oscuro de su casa, el cual ahora se plantea cerrar.<\/p>\n<p class=\"\">La publicaci\u00f3n coincide con la celebraci\u00f3n del 90\u00ba aniversario del fot\u00f3grafo y con una exposici\u00f3n en Nueva York, <a href=\"https:\/\/www.hauserwirth.com\/hauser-wirth-exhibitions\/don-mccullin-a-desecrated-serenity\/\" rel=\"nofollow noopener\" target=\"_blank\">Don McCullin. <\/a><a href=\"https:\/\/www.hauserwirth.com\/hauser-wirth-exhibitions\/don-mccullin-a-desecrated-serenity\/\" rel=\"nofollow noopener\" target=\"_blank\">A Desecrated Serenity<\/a>, celebrada en la galer\u00eda Hauser &amp; Wirth, que recorre siete d\u00e9cadas de trayectoria. En ese largo camino, asegura haber operado m\u00e1s como un ser humano que como un fot\u00f3grafo detr\u00e1s de la c\u00e1mara. Su experiencia se condensa en una invitaci\u00f3n a mirar el mundo con claridad \u2014no solo a fotografiarlo\u2014 y \u201ca salir del entorno propio: a experimentar otras culturas, a viajar lo m\u00e1s posible y contemplar el arte, que es el lenguaje universal y el mejor medio de comunicaci\u00f3n\u201d. A lo que a\u00f1ade: \u201ctodo lo que aprend\u00ed sobre el mundo lo descubr\u00ed observando a los grandes artistas y escuchando m\u00fasica; eso te ayuda a conectar con algo m\u00e1s grande que uno mismo\u201d.<\/p>\n<p class=\"\">De igual forma, asegura que ninguna de sus fotograf\u00edas ha conseguido lograr detener la violencia ni aliviar el sufrimiento que retrataban. Ante la pregunta de si volver\u00eda a ser fot\u00f3grafo, responde: \u201cDir\u00eda que s\u00ed, en lo que respecta a la fotograf\u00eda, que ha sido para m\u00ed como un salvavidas\u201d. Y a\u00f1ade: \u201cSin embargo, admiro profundamente a los m\u00e9dicos y a quienes dedican su carrera a los dem\u00e1s; ojal\u00e1 yo hubiera podido hacer m\u00e1s en el \u00e1mbito del conflicto. La fotograf\u00eda implica tomar algo de las personas, y ah\u00ed reside mi propio conflicto con ella\u201d.<\/p>\n<p class=\"\">&#8216;<a href=\"https:\/\/gostbooks.com\/products\/the-stillness-of-life\" rel=\"nofollow noopener\" target=\"_blank\">The Stillness of Life\u2019.<\/a> Don McCullin. GOST Books. 112 p\u00e1ginas. 95 euros.<\/p>\n","protected":false},"excerpt":{"rendered":"Don McCullin (Londres, 1935), ten\u00eda cinco a\u00f1os cuando por primera vez lleg\u00f3 al condado de Somerset, al sureste&hellip;\n","protected":false},"author":2,"featured_media":195507,"comment_status":"","ping_status":"","sticky":false,"template":"","format":"standard","meta":{"footnotes":""},"categories":[173],"tags":[229,233,231,230,209,232,234,54260,146,147,25,24,241,1469,244,10329,10328,30334,23],"class_list":{"0":"post-195506","1":"post","2":"type-post","3":"status-publish","4":"format-standard","5":"has-post-thumbnail","7":"category-arte-y-diseno","8":"tag-arte","9":"tag-arte-y-diseno","10":"tag-arts","11":"tag-arts-and-design","12":"tag-cultura","13":"tag-design","14":"tag-diseno","15":"tag-don-mccullin","16":"tag-entertainment","17":"tag-entretenimiento","18":"tag-es","19":"tag-espana","20":"tag-exposiciones","21":"tag-exposiciones-temporales","22":"tag-fotografia","23":"tag-fotografia-documental","24":"tag-fotografos","25":"tag-galerias-arte","26":"tag-spain"},"share_on_mastodon":{"url":"https:\/\/pubeurope.com\/@es\/115422309056715919","error":""},"_links":{"self":[{"href":"https:\/\/www.europesays.com\/es\/wp-json\/wp\/v2\/posts\/195506","targetHints":{"allow":["GET"]}}],"collection":[{"href":"https:\/\/www.europesays.com\/es\/wp-json\/wp\/v2\/posts"}],"about":[{"href":"https:\/\/www.europesays.com\/es\/wp-json\/wp\/v2\/types\/post"}],"author":[{"embeddable":true,"href":"https:\/\/www.europesays.com\/es\/wp-json\/wp\/v2\/users\/2"}],"replies":[{"embeddable":true,"href":"https:\/\/www.europesays.com\/es\/wp-json\/wp\/v2\/comments?post=195506"}],"version-history":[{"count":0,"href":"https:\/\/www.europesays.com\/es\/wp-json\/wp\/v2\/posts\/195506\/revisions"}],"wp:featuredmedia":[{"embeddable":true,"href":"https:\/\/www.europesays.com\/es\/wp-json\/wp\/v2\/media\/195507"}],"wp:attachment":[{"href":"https:\/\/www.europesays.com\/es\/wp-json\/wp\/v2\/media?parent=195506"}],"wp:term":[{"taxonomy":"category","embeddable":true,"href":"https:\/\/www.europesays.com\/es\/wp-json\/wp\/v2\/categories?post=195506"},{"taxonomy":"post_tag","embeddable":true,"href":"https:\/\/www.europesays.com\/es\/wp-json\/wp\/v2\/tags?post=195506"}],"curies":[{"name":"wp","href":"https:\/\/api.w.org\/{rel}","templated":true}]}}