{"id":195510,"date":"2025-10-23T07:31:07","date_gmt":"2025-10-23T07:31:07","guid":{"rendered":"https:\/\/www.europesays.com\/es\/195510\/"},"modified":"2025-10-23T07:31:07","modified_gmt":"2025-10-23T07:31:07","slug":"su-vida-a-los-51-entre-musica-budismo-y-meditacion","status":"publish","type":"post","link":"https:\/\/www.europesays.com\/es\/195510\/","title":{"rendered":"su vida a los 51 entre m\u00fasica, budismo y meditaci\u00f3n"},"content":{"rendered":"<p class=\"c-paragraph\"><b>Javi\u00e1n <\/b>siempre ser\u00e1 recordado por formar parte de la primera edici\u00f3n de <a href=\"https:\/\/www.20minutos.es\/tags\/instituciones-empresas\/operacion-triunfo.html\" title=\"Operaci\u00f3n Triunfo\" rel=\"nofollow noopener\" target=\"_blank\">Operaci\u00f3n Triunfo<\/a>. A punto de cumplirse 25 a\u00f1os desde su emisi\u00f3n, el artista visit\u00f3 este lunes <a href=\"https:\/\/www.20minutos.es\/tags\/temas\/la-revuelta.html\" title=\"La Revuelta\" rel=\"nofollow noopener\" target=\"_blank\">La Revuelta<\/a> para hacer un repaso a su trayectoria profesional y dar algunas pinceladas de c\u00f3mo es su vida ahora.<\/p>\n<p class=\"c-paragraph\">De aquella \u00e9poca, record\u00f3,\u00a0<b>pas\u00f3 de ganar \u00ab60 euros por noche haciendo tres pases con una orquesta a 6.000 euros por cantar tres canciones\u00bb en el primer concierto de OT<\/b>: \u00abEso hay que gestionarlo en la cabeza\u00bb.<\/p>\n<p class=\"c-paragraph\">Sin embargo, despu\u00e9s de que fuera todo \u00abtan maravilloso\u00bb, <b>\u00abde repente\u00bb se vio \u00absin trabajo\u00bb<\/b>. Sin embargo, ha sabido reconstruirse para sacar adelante su carrera, y ahora <b>se tilda de ser \u00abrico en felicidad\u00bb<\/b>. \u00abLa riqueza es la mujer que tengo, la familia, los amigos, el trabajo, lo bien que me siento, lo dem\u00e1s es solo dinero y no me falta de nada, pero tampoco me sobra\u00bb.<\/p>\n<p class=\"c-paragraph\">Por eso descarta ser un \u00abjuguete roto\u00bb de la industria. \u00ab<b>Juguete roto es quien no llega nunca a conseguir lo que quiere<\/b>. \u00bfQu\u00e9 me falta a m\u00ed?\u00bb, preguntaba en modo de auto reafirmaci\u00f3n.<\/p>\n<p class=\"c-paragraph\">Respecto a su vida actual, ahora, a sus<b> 51 a\u00f1os<\/b>, Javi\u00e1n sigue dedic\u00e1ndose a la m\u00fasica, con proyectos como <b>La edad de oro del pop espa\u00f1ol, Deaf Leopard o F\u00f3rmula Abierta<\/b>. Adem\u00e1s, Javi\u00e1n<b> se ha iniciado en el budismo y la meditaci\u00f3n<\/b>.<\/p>\n","protected":false},"excerpt":{"rendered":"Javi\u00e1n siempre ser\u00e1 recordado por formar parte de la primera edici\u00f3n de Operaci\u00f3n Triunfo. A punto de cumplirse&hellip;\n","protected":false},"author":2,"featured_media":195511,"comment_status":"","ping_status":"","sticky":false,"template":"","format":"standard","meta":{"footnotes":""},"categories":[171],"tags":[1609,6832,6438,146,147,25,24,1557,53800,23,214],"class_list":{"0":"post-195510","1":"post","2":"type-post","3":"status-publish","4":"format-standard","5":"has-post-thumbnail","7":"category-tv","8":"tag-1609","9":"tag-6832","10":"tag-6438","11":"tag-entertainment","12":"tag-entretenimiento","13":"tag-es","14":"tag-espana","15":"tag-euros","16":"tag-javian","17":"tag-spain","18":"tag-tv"},"share_on_mastodon":{"url":"https:\/\/pubeurope.com\/@es\/115422317046914910","error":""},"_links":{"self":[{"href":"https:\/\/www.europesays.com\/es\/wp-json\/wp\/v2\/posts\/195510","targetHints":{"allow":["GET"]}}],"collection":[{"href":"https:\/\/www.europesays.com\/es\/wp-json\/wp\/v2\/posts"}],"about":[{"href":"https:\/\/www.europesays.com\/es\/wp-json\/wp\/v2\/types\/post"}],"author":[{"embeddable":true,"href":"https:\/\/www.europesays.com\/es\/wp-json\/wp\/v2\/users\/2"}],"replies":[{"embeddable":true,"href":"https:\/\/www.europesays.com\/es\/wp-json\/wp\/v2\/comments?post=195510"}],"version-history":[{"count":0,"href":"https:\/\/www.europesays.com\/es\/wp-json\/wp\/v2\/posts\/195510\/revisions"}],"wp:featuredmedia":[{"embeddable":true,"href":"https:\/\/www.europesays.com\/es\/wp-json\/wp\/v2\/media\/195511"}],"wp:attachment":[{"href":"https:\/\/www.europesays.com\/es\/wp-json\/wp\/v2\/media?parent=195510"}],"wp:term":[{"taxonomy":"category","embeddable":true,"href":"https:\/\/www.europesays.com\/es\/wp-json\/wp\/v2\/categories?post=195510"},{"taxonomy":"post_tag","embeddable":true,"href":"https:\/\/www.europesays.com\/es\/wp-json\/wp\/v2\/tags?post=195510"}],"curies":[{"name":"wp","href":"https:\/\/api.w.org\/{rel}","templated":true}]}}