{"id":195512,"date":"2025-10-23T07:32:08","date_gmt":"2025-10-23T07:32:08","guid":{"rendered":"https:\/\/www.europesays.com\/es\/195512\/"},"modified":"2025-10-23T07:32:08","modified_gmt":"2025-10-23T07:32:08","slug":"grandes-hits-del-k-pop-en-ribadeo","status":"publish","type":"post","link":"https:\/\/www.europesays.com\/es\/195512\/","title":{"rendered":"Grandes \u00abhits\u00bb del K-pop en Ribadeo"},"content":{"rendered":"<p>\t\t\t\t\t\tUn espect\u00e1culo, \u00abLas divas del K-pop\u00bb, el 1 de noviembre en el auditorio,\u00a0acerca el gran fen\u00f3meno mundial a la comarca de A Mari\u00f1a<br \/>\n\t\t\t\t\t\t\t\t\t\t\t\t<strong>23 oct 2025<\/strong> . Actualizado a las 05:00 h.\t\t\t\t\t\t<\/p>\n<p class=\"first-paragraph txt\">Es todo un fen\u00f3meno el K-pop (abreviatura de Korean Popular Music). Y va mucho m\u00e1s all\u00e1 de la moda solamente musical que llega de Corea. De hecho, hasta la UNED de Lugo anuncia la segunda parte de su curso \u00abClases de lenguaje y cultura coreana\u00bb en nivel b\u00e1sico, resaltando que \u00ab<strong>conocer la cultura coreana es interesante desde la perspectiva cultural y de su lenguaje<\/strong>. La popularidad del K-pop, los doramas, y su ex\u00f3tica cultura, muestra el inter\u00e9s de las nuevas generaciones por estudiar el aprendizaje del lenguaje coreano\u00bb. Adem\u00e1s de la parte m\u00e1s did\u00e1ctica, desde A Mari\u00f1a se ofrece otra posibilidad, vinculada al ocio, pues Ribadeo dar\u00e1 continuidad tras Oviedo en el noroeste peninsular al inicio de la gira de \u00abLas divas del k-pop\u00bb, cuyas entradas, para asistir a la funci\u00f3n<strong> el 1 de noviembre a las 17.00 horas en el auditorio municipal Hern\u00e1n Naval<\/strong>, ya est\u00e1n a la venta en la plataforma de Ticketrona. M\u00e1s adelante ir\u00e1 a Lal\u00edn, Ponferrada, Le\u00f3n y Ponteareas, ya a mediados de diciembre, rozando la Navidad.<\/p>\n<p class=\"txt\">\n<p>\t\t\t\t\t\t\t\t\t\t\t\t&#13;<br \/>\n\t\t\t\t\t\t\t\t&#13;<br \/>\n&#13;<br \/>\n&#13;<\/p>\n<p>\t\t\t&#13;<br \/>\n\t&#13;<\/p>\n<p>\t\t\t<a href=\"https:\/\/www.lavozdegalicia.es\/noticia\/television\/2025\/10\/17\/secreto-guerreras-kpop-fascinar-ninos-mundo-da-jovenes-necesitan\/00031760715530738868536.htm\" data-analytics=\"link-embed\" rel=\"nofollow noopener\" target=\"_blank\">El secreto de las guerreras del K-Pop para fascinar a ni\u00f1os de todo el mundo: \u00abLes da a los j\u00f3venes lo que necesitan\u00bb<\/a><\/p>\n<p class=\"a-min-author\">\n<p>\t\t\t\t\t\t\t\t\t\t\tJulia Fern\u00e1ndez<\/p>\n<p>\t&#13;<br \/>\n\t&#13;<br \/>\n&#13;<\/p>\n<p class=\"txt\">Desde la promotora, enfatizan en la promesa de \u00abuna tarde llena de color, energ\u00eda y los mejores \u00e9xitos del pop asi\u00e1tico\u00bb, con \u00abdanzas imposibles\u00bb y \u00abcovers de tus grupos favoritos\u00bb. <strong>Las grandes estrellas del k-pop son, cabe recordar, BTS, Stray Kids&#8230;<\/strong><\/p>\n<p class=\"txt\">Es tal el fen\u00f3meno mundial que est\u00e1 siendo el K-pop, digamos que arrastrando tambi\u00e9n a otros sectores como son el de la cosm\u00e9tica o el turismo, que este a\u00f1o que termina se estrenaba en Netflix la pel\u00edcula \u00abLas guerreras k-pop\u00bb sobre un grupo virtual bautizado como Huntr\/x y que<strong> lleg\u00f3 a ser el film m\u00e1s visto de la conocida plataform<\/strong>a. El trabajo de animaci\u00f3n de Maggie Kang y Chris Appelhans bati\u00f3 r\u00e9cords de visualizaci\u00f3n. Adem\u00e1s de los efectos que esa girlband o conjuunto femenino tuvo en la lista de \u00e9xitos de Billboard o a nivel de reproducciones en Spotify. Hasta Zara present\u00f3 una colecci\u00f3n inspirada en dicha pel\u00edcula. A Ribadeo no llegar\u00e1n las propias \u00abguerreras\u00bb, pero s\u00ed las \u00abdivas\u00bb, a las que podr\u00e1n ver los llamados Kpopers o fans de un fen\u00f3meno que va como la espuma.<\/p>\n<p>&#13;<br \/>\n\tArchivado en:&#13;<br \/>\n\t\t\t\t\t<a href=\"https:\/\/www.lavozdegalicia.es\/temas\/ribadeo\/\" target=\"_blank\" class=\"mg-l\" rel=\"nofollow noopener\">Ribadeo<\/a>&#13;<br \/>\n\t\t\t\t\t<a href=\"https:\/\/www.lavozdegalicia.es\/temas\/a-marina\/\" target=\"_blank\" class=\"mg-l\" rel=\"nofollow noopener\">A Mari\u00f1a<\/a>&#13;<br \/>\n\t\t\t\t\t<a href=\"https:\/\/www.lavozdegalicia.es\/temas\/lugo-ciudad\/\" target=\"_blank\" class=\"mg-l\" rel=\"nofollow noopener\">Lugo ciudad<\/a>&#13;<br \/>\n\t\t\t\t\t<a href=\"https:\/\/www.lavozdegalicia.es\/temas\/musica\/\" target=\"_blank\" class=\"mg-l\" rel=\"nofollow noopener\">M\u00fasica<\/a>&#13;<br \/>\n\t\t\t\t\t<a href=\"https:\/\/www.lavozdegalicia.es\/temas\/oviedo\/\" target=\"_blank\" class=\"mg-l\" rel=\"nofollow noopener\">Oviedo<\/a>&#13;<br \/>\n\t\t\t        \t&#13;<\/p>\n","protected":false},"excerpt":{"rendered":"Un espect\u00e1culo, \u00abLas divas del K-pop\u00bb, el 1 de noviembre en el auditorio,\u00a0acerca el gran fen\u00f3meno mundial a&hellip;\n","protected":false},"author":2,"featured_media":195513,"comment_status":"","ping_status":"","sticky":false,"template":"","format":"standard","meta":{"footnotes":""},"categories":[170],"tags":[10327,146,147,25,24,22504,4108,22425,184,185,152,1796,42424,11192,23,1603,4664,7335],"class_list":{"0":"post-195512","1":"post","2":"type-post","3":"status-publish","4":"format-standard","5":"has-post-thumbnail","7":"category-musica","8":"tag-a-marina","9":"tag-entertainment","10":"tag-entretenimiento","11":"tag-es","12":"tag-espana","13":"tag-lalin","14":"tag-leon","15":"tag-lugo-ciudad","16":"tag-music","17":"tag-musica","18":"tag-netflix","19":"tag-oviedo","20":"tag-ponteareas","21":"tag-ribadeo","22":"tag-spain","23":"tag-spotify","24":"tag-turismo","25":"tag-zara"},"share_on_mastodon":{"url":"https:\/\/pubeurope.com\/@es\/115422320706762424","error":""},"_links":{"self":[{"href":"https:\/\/www.europesays.com\/es\/wp-json\/wp\/v2\/posts\/195512","targetHints":{"allow":["GET"]}}],"collection":[{"href":"https:\/\/www.europesays.com\/es\/wp-json\/wp\/v2\/posts"}],"about":[{"href":"https:\/\/www.europesays.com\/es\/wp-json\/wp\/v2\/types\/post"}],"author":[{"embeddable":true,"href":"https:\/\/www.europesays.com\/es\/wp-json\/wp\/v2\/users\/2"}],"replies":[{"embeddable":true,"href":"https:\/\/www.europesays.com\/es\/wp-json\/wp\/v2\/comments?post=195512"}],"version-history":[{"count":0,"href":"https:\/\/www.europesays.com\/es\/wp-json\/wp\/v2\/posts\/195512\/revisions"}],"wp:featuredmedia":[{"embeddable":true,"href":"https:\/\/www.europesays.com\/es\/wp-json\/wp\/v2\/media\/195513"}],"wp:attachment":[{"href":"https:\/\/www.europesays.com\/es\/wp-json\/wp\/v2\/media?parent=195512"}],"wp:term":[{"taxonomy":"category","embeddable":true,"href":"https:\/\/www.europesays.com\/es\/wp-json\/wp\/v2\/categories?post=195512"},{"taxonomy":"post_tag","embeddable":true,"href":"https:\/\/www.europesays.com\/es\/wp-json\/wp\/v2\/tags?post=195512"}],"curies":[{"name":"wp","href":"https:\/\/api.w.org\/{rel}","templated":true}]}}