{"id":195514,"date":"2025-10-23T07:33:08","date_gmt":"2025-10-23T07:33:08","guid":{"rendered":"https:\/\/www.europesays.com\/es\/195514\/"},"modified":"2025-10-23T07:33:08","modified_gmt":"2025-10-23T07:33:08","slug":"esta-es-la-historia-perdida-de-kylo-ren","status":"publish","type":"post","link":"https:\/\/www.europesays.com\/es\/195514\/","title":{"rendered":"esta es la historia perdida de Kylo Ren"},"content":{"rendered":"<p class=\"c-paragraph\">Adam Driver estuvo a punto de regresar a la galaxia de <a href=\"https:\/\/www.20minutos.es\/cinemania\/noticias\/20-anos-pelicula-incomprendida-infravalorada-star-wars-por-que-venganza-los-sith-merecio-tu-amor-5709462\/\" rel=\"nofollow noopener\" target=\"_blank\">Star Wars<\/a> con un proyecto<b> muy distinto a todo lo que hab\u00edamos visto hasta la fecha<\/b>. El actor revel\u00f3 que hab\u00eda estado desarrollando junto a <b><a href=\"https:\/\/www.20minutos.es\/cinemania\/noticias\/dos-caras-steven-soderbergh-director-estrena-presence-confidencial-black-bag-5688590\/\" rel=\"nofollow noopener\" target=\"_blank\">Steven Soderbergh<\/a><\/b> una pel\u00edcula centrada en Ben Solo \u2014su alter ego redimido tras los eventos de <b><a href=\"https:\/\/www.20minutos.es\/cinemania\/noticias\/ascenso-skywalker-j-j-abrams-vuelve-dirigir-pelicula-reparto-impresionante-5656920\/\" rel=\"nofollow noopener\" target=\"_blank\">El ascenso de Skywalker<\/a><\/b>\u2014, pero el plan se desvaneci\u00f3 cuando <a href=\"https:\/\/www.20minutos.es\/cinemania\/noticias\/disney-cancela-live-action-aristogatos_6237945_0.html\" rel=\"nofollow noopener\" target=\"_blank\">Disney decidi\u00f3 no seguir<\/a> adelante con el guion.<\/p>\n<p class=\"c-paragraph\">En una entrevista con <a href=\"https:\/\/apnews.com\/article\/adam-driver-star-wars-soderbergh-jarmusch-4e08164d0419759f1b5b50d69864975d\" rel=\"nofollow noreferrer noopener\" target=\"_blank\">The Associated Press<\/a>, el int\u00e9rprete de<b> Megal\u00f3polis<\/b> explic\u00f3 que la idea llevaba gest\u00e1ndose desde 2021. \u00abSiempre me interes\u00f3 hacer otra Star Wars\u00bb, cont\u00f3. \u00ab<a href=\"https:\/\/www.20minutos.es\/cinemania\/noticias\/kathleen-kennedy-dejara-lucasfilm-5685598\/\" rel=\"nofollow noopener\" target=\"_blank\">Kathleen [Kennedy] <\/a>se hab\u00eda puesto en contacto conmigo. Siempre dije: &#8216;Con un gran director y una gran historia, estar\u00eda ah\u00ed en un segundo&#8217;. <b>Me encantaba ese personaje y me encantaba interpretarlo\u00bb<\/b>.<\/p>\n<p class=\"c-paragraph\">As\u00ed naci\u00f3 <b>The Hunt for Ben Solo <\/b>(La caza de Ben Solo), una historia que habr\u00eda continuado tras la muerte del personaje en El ascenso de Skywalker. El filme seguir\u00eda al hijo de Han Solo y Leia Organa \u2014y nieto de Darth Vader\u2014<b> en su b\u00fasqueda de redenci\u00f3n<\/b>. Soderbergh, junto a la guionista Rebecca Blunt (<a href=\"https:\/\/www.20minutos.es\/cinemania\/noticias\/primer-vistazo-logan-lucky-regreso-steven-soderbergh-77116\/\" rel=\"nofollow noopener\" target=\"_blank\">La suerte de los Logan<\/a>), traz\u00f3 el argumento inicial antes de incorporar a <a href=\"https:\/\/www.20minutos.es\/cinemania\/noticias\/contagio-pelicula-coronavirus-medidas-147031\/\" rel=\"nofollow noopener\" target=\"_blank\">Scott Z. Burns<\/a> para escribir el libreto.<\/p>\n<p>Apuntando alto<\/p>\n<p class=\"c-paragraph\">Driver defini\u00f3 la propuesta como \u00abartesanal y centrada en los personajes\u00bb, compar\u00e1ndola con El Imperio contraataca y asegurando que <a href=\"https:\/\/www.20minutos.es\/cinemania\/noticias\/mariano-ozores-star-wars-destrono-retraso-imperio-contraataca-derroto-5714288\/\" rel=\"nofollow noopener\" target=\"_blank\">ese cl\u00e1sico de 1980 <\/a>sigue siendo <b>\u00abel est\u00e1ndar de lo que una pel\u00edcula de Star Wars deber\u00eda ser\u00bb<\/b>. \u201cEra uno de los guiones m\u00e1s malditamente geniales en los que he participado\u00bb, a\u00f1adi\u00f3.<\/p>\n<p class=\"c-paragraph\">El proyecto fue presentado a Kathleen Kennedy, Dave Filoni y Cary Beck en Lucasfilm, y <b>la respuesta inicial fue entusiasta<\/b>. \u00abLes encant\u00f3 la idea\u00bb, record\u00f3 el actor. \u00abEntendieron perfectamente nuestro enfoque y por qu\u00e9 quer\u00edamos hacerlo\u00bb. Sin embargo,<b> todo cambi\u00f3 cuando el equipo llev\u00f3 el guion a los ejecutivos de Disney<\/b>. \u00abLo llevamos a Bob Iger y Alan Bergman, y dijeron que no. No entend\u00edan c\u00f3mo Ben Solo pod\u00eda seguir vivo. Y hasta ah\u00ed lleg\u00f3 todo\u00bb.<\/p>\n<p class=\"c-paragraph\">Soderbergh tambi\u00e9n lament\u00f3 la decisi\u00f3n. <b>\u00abDisfrut\u00e9 mucho haciendo la pel\u00edcula en mi cabeza\u00bb<\/b>, declar\u00f3 el director a AP. \u00abSolo lamento que los fans no puedan verla\u00bb.<\/p>\n<p class=\"c-paragraph\">Driver, que debut\u00f3 como Kylo Ren en <a href=\"https:\/\/www.20minutos.es\/cinemania\/criticas\/star-wars-el-despertar-de-la-fuerza-38247\/\" rel=\"nofollow noopener\" target=\"_blank\"><b>El despertar de la Fuerza<\/b><\/a> (2015) y volvi\u00f3 en<b><a href=\"https:\/\/www.20minutos.es\/cinemania\/criticas\/star-wars-los-ultimos-jedi-95923\/\" rel=\"nofollow noopener\" target=\"_blank\"> Los \u00faltimos Jedi <\/a><\/b>(2017) y <b><a href=\"https:\/\/www.20minutos.es\/cinemania\/criticas\/star-wars-el-ascenso-de-skywalker-141307\/\" rel=\"nofollow noopener\" target=\"_blank\">El ascenso de Skywalker<\/a><\/b> (2019), cerr\u00f3 la puerta al proyecto con resignaci\u00f3n: \u00ab<b>Era realmente genial, pero ya no existe.<\/b> As\u00ed que por fin puedo hablar de ella\u00bb.<\/p>\n","protected":false},"excerpt":{"rendered":"Adam Driver estuvo a punto de regresar a la galaxia de Star Wars con un proyecto muy distinto&hellip;\n","protected":false},"author":2,"featured_media":195515,"comment_status":"","ping_status":"","sticky":false,"template":"","format":"standard","meta":{"footnotes":""},"categories":[169],"tags":[14755,28488,177,2696,146,147,25,24,176,175,20521,23,17462],"class_list":{"0":"post-195514","1":"post","2":"type-post","3":"status-publish","4":"format-standard","5":"has-post-thumbnail","7":"category-cine","8":"tag-adam","9":"tag-casi","10":"tag-cine","11":"tag-driver","12":"tag-entertainment","13":"tag-entretenimiento","14":"tag-es","15":"tag-espana","16":"tag-film","17":"tag-movies","18":"tag-protagoniza","19":"tag-spain","20":"tag-spin"},"share_on_mastodon":{"url":"https:\/\/pubeurope.com\/@es\/115422324629365019","error":""},"_links":{"self":[{"href":"https:\/\/www.europesays.com\/es\/wp-json\/wp\/v2\/posts\/195514","targetHints":{"allow":["GET"]}}],"collection":[{"href":"https:\/\/www.europesays.com\/es\/wp-json\/wp\/v2\/posts"}],"about":[{"href":"https:\/\/www.europesays.com\/es\/wp-json\/wp\/v2\/types\/post"}],"author":[{"embeddable":true,"href":"https:\/\/www.europesays.com\/es\/wp-json\/wp\/v2\/users\/2"}],"replies":[{"embeddable":true,"href":"https:\/\/www.europesays.com\/es\/wp-json\/wp\/v2\/comments?post=195514"}],"version-history":[{"count":0,"href":"https:\/\/www.europesays.com\/es\/wp-json\/wp\/v2\/posts\/195514\/revisions"}],"wp:featuredmedia":[{"embeddable":true,"href":"https:\/\/www.europesays.com\/es\/wp-json\/wp\/v2\/media\/195515"}],"wp:attachment":[{"href":"https:\/\/www.europesays.com\/es\/wp-json\/wp\/v2\/media?parent=195514"}],"wp:term":[{"taxonomy":"category","embeddable":true,"href":"https:\/\/www.europesays.com\/es\/wp-json\/wp\/v2\/categories?post=195514"},{"taxonomy":"post_tag","embeddable":true,"href":"https:\/\/www.europesays.com\/es\/wp-json\/wp\/v2\/tags?post=195514"}],"curies":[{"name":"wp","href":"https:\/\/api.w.org\/{rel}","templated":true}]}}