{"id":195522,"date":"2025-10-23T07:38:09","date_gmt":"2025-10-23T07:38:09","guid":{"rendered":"https:\/\/www.europesays.com\/es\/195522\/"},"modified":"2025-10-23T07:38:09","modified_gmt":"2025-10-23T07:38:09","slug":"industria-subraya-la-fiabilidad-de-espana-como-socio-tecnologico","status":"publish","type":"post","link":"https:\/\/www.europesays.com\/es\/195522\/","title":{"rendered":"Industria subraya la fiabilidad de Espa\u00f1a como socio tecnol\u00f3gico"},"content":{"rendered":"<p data-start=\"340\" data-end=\"632\">El Gobierno ha destacado la solidez industrial y tecnol\u00f3gica de la automoci\u00f3n espa\u00f1ola durante la inauguraci\u00f3n de Automotive Meetings Madrid 2025, celebrada ayer en IFEMA, un encuentro que ha reunido a m\u00e1s de 220 empresas de 18 pa\u00edses vinculadas a la cadena de suministro del autom\u00f3vil.<\/p>\n<p data-start=\"634\" data-end=\"977\">El secretario de Estado de Industria, <strong data-start=\"672\" data-end=\"698\">Jordi Garc\u00eda Brustenga<\/strong>, afirm\u00f3 que \u201cEspa\u00f1a es un socio fiable en la transici\u00f3n tecnol\u00f3gica del autom\u00f3vil\u201d y se\u00f1al\u00f3 la importancia de reforzar la colaboraci\u00f3n entre las administraciones p\u00fablicas y el sector privado para afrontar los retos de electrificaci\u00f3n y digitalizaci\u00f3n que afronta la industria, de ac uerdo con un comunicado emitido por Sernauto, la patronal de los componentes de automoci\u00f3n de Espa\u00f1a.<\/p>\n<p>Nueva convocatoria del Perte el\u00e9ctrico<\/p>\n<p data-start=\"1051\" data-end=\"1478\">Garc\u00eda Brustenga aprovech\u00f3 la cocasi\u00f3n, adem\u00e1s, para anunciar la apertura de una nueva ventanilla del PERTE del Veh\u00edculo El\u00e9ctrico y Conectado (VEC), dotada con 400 millones de euros, destinada a impulsar proyectos vinculados con la movilidad el\u00e9ctrica, la conectividad y las bater\u00edas.<\/p>\n<p data-start=\"1051\" data-end=\"1478\">El responsable de Industria subray\u00f3 que la prioridad del Ejecutivo es \u201creforzar la competitividad del ecosistema nacional y asegurar que la innovaci\u00f3n se desarrolle en Espa\u00f1a\u201d.<\/p>\n<p data-start=\"1051\" data-end=\"1478\"><img fetchpriority=\"high\" decoding=\"async\" class=\"alignnone size-full wp-image-546397\" src=\"https:\/\/www.europesays.com\/es\/wp-content\/uploads\/2025\/10\/Jordi-Garcia-Brustenga-secretario-de-Estado-de-Industria-en-Automotive-Meetings-Madrid-2025-FOTOGRAF.jpeg\" alt=\"\" width=\"1200\" height=\"800\"  \/><\/p>\n<p data-start=\"1480\" data-end=\"1719\">El secretario de Estado record\u00f3 adem\u00e1s que el Ministerio de Industria, junto a ANFAC y SERNAUTO, est\u00e1 desarrollando el Plan Auto 2030, una hoja de ruta dirigida a mantener la capacidad productiva y tecnol\u00f3gica de la automoci\u00f3n en Espa\u00f1a.<\/p>\n<p data-start=\"1779\" data-end=\"2076\">Durante la apertura del evento, el presidente de Sernauto, <strong data-start=\"1827\" data-end=\"1843\">Javier Pujol<\/strong>, destac\u00f3 que los proveedores espa\u00f1oles \u201chan sido determinantes para mantener la estabilidad de la producci\u00f3n\u201d y que el pa\u00eds cuenta con \u201cuna red industrial competitiva que combina multinacionales y pymes con capacidad tecnol\u00f3gica\u201d.<\/p>\n<p data-start=\"2078\" data-end=\"2321\">Por su parte, <strong data-start=\"2092\" data-end=\"2111\">St\u00e9phane Castet<\/strong>, consejero delegado de Advanced Business Events, organizador del encuentro, se\u00f1al\u00f3 que esta tercera edici\u00f3n \u201cconfirma la relevancia del evento como espacio de conexi\u00f3n empresarial e intercambio tecnol\u00f3gico\u201d.<\/p>\n<p data-start=\"2373\" data-end=\"2773\">Automotive Meetings Madrid 2025 se celebra los d\u00edas 21 y 22 de octubre en IFEMA y re\u00fane\u00a0 a 600 profesionales del sector y ha programado m\u00e1s de 4.000 reuniones entre fabricantes, proveedores y empresas tecnol\u00f3gicas.<\/p>\n","protected":false},"excerpt":{"rendered":"El Gobierno ha destacado la solidez industrial y tecnol\u00f3gica de la automoci\u00f3n espa\u00f1ola durante la inauguraci\u00f3n de Automotive&hellip;\n","protected":false},"author":2,"featured_media":195523,"comment_status":"","ping_status":"","sticky":false,"template":"","format":"standard","meta":{"footnotes":""},"categories":[80],"tags":[82,95,94,25,24,2893,23],"class_list":{"0":"post-195522","1":"post","2":"type-post","3":"status-publish","4":"format-standard","5":"has-post-thumbnail","7":"category-economia","8":"tag-business","9":"tag-economia","10":"tag-economy","11":"tag-es","12":"tag-espana","13":"tag-industria","14":"tag-spain"},"share_on_mastodon":{"url":"https:\/\/pubeurope.com\/@es\/115422344508120202","error":""},"_links":{"self":[{"href":"https:\/\/www.europesays.com\/es\/wp-json\/wp\/v2\/posts\/195522","targetHints":{"allow":["GET"]}}],"collection":[{"href":"https:\/\/www.europesays.com\/es\/wp-json\/wp\/v2\/posts"}],"about":[{"href":"https:\/\/www.europesays.com\/es\/wp-json\/wp\/v2\/types\/post"}],"author":[{"embeddable":true,"href":"https:\/\/www.europesays.com\/es\/wp-json\/wp\/v2\/users\/2"}],"replies":[{"embeddable":true,"href":"https:\/\/www.europesays.com\/es\/wp-json\/wp\/v2\/comments?post=195522"}],"version-history":[{"count":0,"href":"https:\/\/www.europesays.com\/es\/wp-json\/wp\/v2\/posts\/195522\/revisions"}],"wp:featuredmedia":[{"embeddable":true,"href":"https:\/\/www.europesays.com\/es\/wp-json\/wp\/v2\/media\/195523"}],"wp:attachment":[{"href":"https:\/\/www.europesays.com\/es\/wp-json\/wp\/v2\/media?parent=195522"}],"wp:term":[{"taxonomy":"category","embeddable":true,"href":"https:\/\/www.europesays.com\/es\/wp-json\/wp\/v2\/categories?post=195522"},{"taxonomy":"post_tag","embeddable":true,"href":"https:\/\/www.europesays.com\/es\/wp-json\/wp\/v2\/tags?post=195522"}],"curies":[{"name":"wp","href":"https:\/\/api.w.org\/{rel}","templated":true}]}}