{"id":19553,"date":"2025-08-01T23:36:12","date_gmt":"2025-08-01T23:36:12","guid":{"rendered":"https:\/\/www.europesays.com\/es\/19553\/"},"modified":"2025-08-01T23:36:12","modified_gmt":"2025-08-01T23:36:12","slug":"caleta-car-ya-es-jugador-de-la-real-sociedad","status":"publish","type":"post","link":"https:\/\/www.europesays.com\/es\/19553\/","title":{"rendered":"\u0106aleta-Car ya es jugador de la Real Sociedad"},"content":{"rendered":"<p>\n        El central croata Duje <strong>\u0106aleta-Car ya es nuevo jugador de la <\/strong><a href=\"https:\/\/www.noticiasdegipuzkoa.eus\/reala\/\" title=\"Real Sociedad\" class=\"link copy\" rel=\"nofollow noopener\" target=\"_blank\"><strong>Real Sociedad<\/strong><\/a>, seg\u00fan acaba de anunciar el propio club txuri-urdin. Tal y como venimos informando en NOTICIAS DE GIPUZKOA desde el pasado lunes, el central croata llega a Zubieta procedente del Olympique de Lyon <strong>en calidad de cedido, aunque la entidad realista se guarda una opci\u00f3n de compra no obligatoria, por una cantidad cercana a los 4 millones de euros<\/strong>, para hacerse con los servicios de un jugador venido a menos en la liga francesa pero titular en la selecci\u00f3n de Croacia.\n<\/p>\n<p class=\"article-body__text \">\n        Tras superar el reconocimiento m\u00e9dico al que se ha sometido este viernes en la Policl\u00ednica Gipuzkoa, a la que ha llegado a las 13.00 horas acompa\u00f1ado del director deportivo realista, Erik Bretos, y donde se ha encontrado con Sadiq Umar (que ha pasado las correspondientes pruebas m\u00e9dicas tras haber estado enfermo esta semana), <strong>el jugador se ha dirigido a Anoeta para firmar su nuevo contrato con el club txuri-urdin<\/strong>.\n<\/p>\n<p class=\"article-body__text \">\n        Cabe rese\u00f1ar que \u0106aleta-Car se encontraba entren\u00e1ndose con su hasta ahora equipo, el Lyon, que estaba realizando un stage en Austria, <strong>a la espera de que ambos clubes cerrasen el acuerdo <\/strong>para su incorporaci\u00f3n a la disciplina realista.\n<\/p>\n<blockquote class=\"twitter-tweet\" data-lang=\"es\" wp_automatic_readability=\"5.1686046511628\">\n<p lang=\"eu\" dir=\"ltr\">\ud83c\udd95 Una nueva \ud835\udc2d\ud835\udc28\ud835\udc2b\ud835\udc2b\ud835\udc1e para la zaga.<\/p>\n<p>\ud83d\udc99 \u0106aleta-Car ya es txuri urdin. <a href=\"https:\/\/t.co\/baQPCZF6jG\" rel=\"nofollow\">pic.twitter.com\/baQPCZF6jG<\/a><\/p>\n<p>\u2014 Real Sociedad F\u00fatbol (@RealSociedad) <a href=\"https:\/\/twitter.com\/RealSociedad\/status\/1951364811536687296?ref_src=twsrc%5Etfw\" rel=\"nofollow noopener\" target=\"_blank\">1 de agosto de 2025<\/a><\/p><\/blockquote>\n<p>  Su papel en la Real<\/p>\n<p class=\"article-body__text \">\n        <strong>\u0106aleta-Car, que mide 192 metros y pesa casi 90 kilos, viene a ocupar el hueco dejado por Nayef Aguerd <\/strong>(que retorn\u00f3 al West Ham ingl\u00e9s tras su cesi\u00f3n de la campa\u00f1a pasada) en un centro de la zaga que quiere ganar tiempo para que Jon Pacheco termine de asentarse y Jon Mart\u00edn, una de las promesas de la cantera txuri-urdin, puedo crecer a su lado.\n<\/p>\n<p>            <a href=\"https:\/\/www.noticiasdegipuzkoa.eus\/reala\/2025\/08\/01\/caleta-car-llega-real-tenia-9943233.html\" title=\"\u0106aleta-Car llega a la Real: &quot;Ten\u00eda claro que quer\u00eda venir aqu\u00ed&quot;\" class=\"new__media\" rel=\"nofollow noopener\" target=\"_blank\"><\/p>\n<p>                <img alt=\"\u0106aleta-Car llega a la Real: &quot;Ten\u00eda claro que quer\u00eda venir aqu\u00ed&quot;\" data-src=\"https:\/\/www.europesays.com\/es\/wp-content\/uploads\/2025\/08\/9d52a7ff-d7f7-4526-8b94-33011216f59b_16-9-aspect-ratio_default_0.jpg\" class=\"lozad\"\/><\/p>\n<p>        <\/a><\/p>\n<p>        <a href=\"https:\/\/www.noticiasdegipuzkoa.eus\/reala\/2025\/08\/01\/caleta-car-llega-real-tenia-9943233.html\" title=\"\u0106aleta-Car llega a la Real: &quot;Ten\u00eda claro que quer\u00eda venir aqu\u00ed&quot;\" class=\"new__headline\" rel=\"nofollow noopener\" target=\"_blank\"><br \/>\n            \u0106aleta-Car llega a la Real: \u00abTen\u00eda claro que quer\u00eda venir aqu\u00ed\u00bb<br \/>\n        <\/a><\/p>\n<p class=\"article-body__text \">\n        Cabe rese\u00f1ar que el brasile\u00f1o Igor Julio, del Brighton de la Premier League y que <a href=\"https:\/\/www.noticiasdegipuzkoa.eus\/reala\/mercado-de-fichajes\/2025\/08\/01\/igor-julio-brighton-real-sociedad-nuevo-pretendiente-9940556.html\" title=\"ahora suena para el Olympique de Marsella\" class=\"link copy\" rel=\"nofollow noopener\" target=\"_blank\">ahora suena para el Olympique de Marsella<\/a>, <strong>estuvo mejor colocado al comienzo de este mercado estival<\/strong>, pero la pretensi\u00f3n del club ingl\u00e9s de darle salida en forma de traspaso no termin\u00f3 de convencer a la <a href=\"https:\/\/www.realsociedad.eus\/\" title=\"Real\" rel=\"nofollow noopener\" class=\"link copy\" target=\"_blank\">Real<\/a>, que prefer\u00eda, en primer lugar, una cesi\u00f3n. Modalidad que s\u00ed ha conseguido acordar en el caso del jugador balc\u00e1nico.\n<\/p>\n<p>  Coincidir\u00e1 con Sucic<\/p>\n<p class=\"article-body__text \">\n        <strong>El central se reencontrar\u00e1 en la Real con un compa\u00f1ero de selecci\u00f3n, Luka Sucic, que le ayudar\u00e1 a adaptarse tanto al equipo como al entorno<\/strong>. Eso s\u00ed, \u0106aleta-Car, que cuenta con 33 internacionalidades con la selecci\u00f3n croata, ya conoce Anoeta, antes de la remodelaci\u00f3n del estadio, puesto que form\u00f3 parte del Salzburgo que elimin\u00f3 al equipo txuri-urdin en la Europa League en la temporada 2017\/18. Por entonces era uno de los jugadores destacados de la formaci\u00f3n austr\u00edaca y un defensor con una gran proyecci\u00f3n.\n<\/p>\n<blockquote class=\"twitter-tweet\" data-lang=\"es\" wp_automatic_readability=\"3.1404958677686\">\n<p lang=\"und\" dir=\"ltr\">De \u0106aleta-Car para vosotr@s \ud83e\udd33 <a href=\"https:\/\/t.co\/Hexuhj6ZOw\" rel=\"nofollow\">pic.twitter.com\/Hexuhj6ZOw<\/a><\/p>\n<p>\u2014 Real Sociedad F\u00fatbol (@RealSociedad) <a href=\"https:\/\/twitter.com\/RealSociedad\/status\/1951368586582184316?ref_src=twsrc%5Etfw\" rel=\"nofollow noopener\" target=\"_blank\">1 de agosto de 2025<\/a><\/p><\/blockquote>\n<p>  Trayectoria<\/p>\n<p class=\"article-body__text \">\n        Cabe recordar que Duje \u0106aleta-Car lleg\u00f3 a Salzburgo procedente del Pasching del mismo pa\u00eds, donde hab\u00eda recalado desde el \u0160ibenik de Croacia. Despu\u00e9s de la ciudad de Mozart, donde vivi\u00f3 una cesi\u00f3n al Liefering, el croata fich\u00f3 por el Olympique de Marsella, donde estuvo cuatro temporadas hasta que en 2022 salt\u00f3 a la Premier, a las filas del Southampton. Pudo haber sido antes, ya que el Liverpool lleg\u00f3 a ofrecer m\u00e1s de 25 millones de euros. <strong>El hecho de no tener tiempo para incorporar un refuerzo llev\u00f3 al club galo a rechazar la oferta<\/strong>.\n<\/p>\n<p class=\"article-body__text \">\n        Aun as\u00ed, meses despu\u00e9s se convirti\u00f3 en jugador de los Saints en verano de 2022 a cambio de casi 20 millones. Un a\u00f1o m\u00e1s tarde el Olympique de Lyon se interes\u00f3 en su cesi\u00f3n. Y tras un a\u00f1o, Les Gones <strong>abordaron su contrataci\u00f3n definitiva a cambio de 3,5 millones<\/strong>.\n<\/p>\n<p class=\"article-body__text \">\n        Ahora le ha llegado la oportunidad de recalar en la Real como cedido, aunque <strong>al t\u00e9rmino de este periodo de cesi\u00f3n de una temporada la Real podr\u00eda decidir contratarle en propiedad si hace efectiva la opci\u00f3n de compra<\/strong>, no obligatoria, que tiene en su mano.\n<\/p>\n<p>            <script async src=\"https:\/\/platform.twitter.com\/widgets.js\" charset=\"utf-8\"><\/script><\/p>\n","protected":false},"excerpt":{"rendered":"El central croata Duje \u0106aleta-Car ya es nuevo jugador de la Real Sociedad, seg\u00fan acaba de anunciar el&hellip;\n","protected":false},"author":2,"featured_media":19554,"comment_status":"","ping_status":"","sticky":false,"template":"","format":"standard","meta":{"footnotes":""},"categories":[93],"tags":[11964,11965,168,25,24,378,289,798,23,167],"class_list":{"0":"post-19553","1":"post","2":"type-post","3":"status-publish","4":"format-standard","5":"has-post-thumbnail","7":"category-deportes","8":"tag-caleta","9":"tag-car","10":"tag-deportes","11":"tag-es","12":"tag-espana","13":"tag-jugador","14":"tag-oficial","15":"tag-real","16":"tag-spain","17":"tag-sports"},"share_on_mastodon":{"url":"","error":""},"_links":{"self":[{"href":"https:\/\/www.europesays.com\/es\/wp-json\/wp\/v2\/posts\/19553","targetHints":{"allow":["GET"]}}],"collection":[{"href":"https:\/\/www.europesays.com\/es\/wp-json\/wp\/v2\/posts"}],"about":[{"href":"https:\/\/www.europesays.com\/es\/wp-json\/wp\/v2\/types\/post"}],"author":[{"embeddable":true,"href":"https:\/\/www.europesays.com\/es\/wp-json\/wp\/v2\/users\/2"}],"replies":[{"embeddable":true,"href":"https:\/\/www.europesays.com\/es\/wp-json\/wp\/v2\/comments?post=19553"}],"version-history":[{"count":0,"href":"https:\/\/www.europesays.com\/es\/wp-json\/wp\/v2\/posts\/19553\/revisions"}],"wp:featuredmedia":[{"embeddable":true,"href":"https:\/\/www.europesays.com\/es\/wp-json\/wp\/v2\/media\/19554"}],"wp:attachment":[{"href":"https:\/\/www.europesays.com\/es\/wp-json\/wp\/v2\/media?parent=19553"}],"wp:term":[{"taxonomy":"category","embeddable":true,"href":"https:\/\/www.europesays.com\/es\/wp-json\/wp\/v2\/categories?post=19553"},{"taxonomy":"post_tag","embeddable":true,"href":"https:\/\/www.europesays.com\/es\/wp-json\/wp\/v2\/tags?post=19553"}],"curies":[{"name":"wp","href":"https:\/\/api.w.org\/{rel}","templated":true}]}}