{"id":195549,"date":"2025-10-23T07:57:09","date_gmt":"2025-10-23T07:57:09","guid":{"rendered":"https:\/\/www.europesays.com\/es\/195549\/"},"modified":"2025-10-23T07:57:09","modified_gmt":"2025-10-23T07:57:09","slug":"las-pistas-de-flick-para-el-once-del-clasico-madrid-barca","status":"publish","type":"post","link":"https:\/\/www.europesays.com\/es\/195549\/","title":{"rendered":"Las pistas de Flick para el once del cl\u00e1sico Madrid-Bar\u00e7a"},"content":{"rendered":"<p class=\"ft-text\">Pese a que por momentos pareci\u00f3 que las cosas se complicaban y<strong> Flick no podr\u00eda dosificar a sus piezas importantes<\/strong><a class=\"ft-link ft-link--decoration\" href=\"https:\/\/www.sport.es\/es\/videos\/resumenes-champions\/20251021\/festival-barca-champions\/122867638.shtml\" rel=\"nofollow noopener\" target=\"_blank\"><strong> ante Olympiacos<\/strong><\/a><strong>,<\/strong> finalmente el Bar\u00e7a hizo los deberes y sentenci\u00f3 el encuentro con margen suficiente para que el t\u00e9cnico germano pudiera dar descanso a hombres que ser\u00e1n relevantes en el cl\u00e1sico. Ese era el escenario ideal que contemplaba el staff t\u00e9cnico pensando en llegar en las mejores condiciones posibles al duelo en el Bernab\u00e9u. L\u00f3gicamente, todo pasaba por estar finos y hacer las cosas bien frente al cuadro de Mendilibar.<\/p>\n<p class=\"ft-text\">Como dec\u00edamos, <strong>con el 2-1 y el equipo con algunas dudas atr\u00e1s, pod\u00eda tambalearse ese plan, pero la expulsi\u00f3n de Hezze dispar\u00f3 a los azulgranas.<\/strong> Y en el 74&#8242;, con el 4-1, se produjo el carrusel de cambios. Kound\u00e9, Lamine, Balde y Pedri disfrutaron de descanso. Ya nos lo antoj\u00e1bamos, pero qued\u00f3 bastante claro que Hansi cuenta con los cuatro para salir de inicio en Chamart\u00edn. Salvo sorpresa, Jules ser\u00e1 el lateral diestro titular, Balde el izquierdo, Lamine amo y se\u00f1or del costado derecho del ataque y Pedri interior y due\u00f1o de la sala de m\u00e1quinas.<\/p>\n<p>OPCI\u00d3N ARAUJO<\/p>\n<p class=\"ft-text\">A partir de aqu\u00ed, se da por sentado que Ferm\u00edn L\u00f3pez, despu\u00e9s de su exhibici\u00f3n, tiene todas las papeletas para repetir en la alineaci\u00f3n titular.<strong> Szczesny bajo palos es innegociable y luego hay una serie de inc\u00f3gnitas.<\/strong> Ronald Araujo fue suplente ante Olympiacos. Y ven\u00eda de serlo ya ante el Girona, cuando entr\u00f3 en el tramo final de delantero y se convirti\u00f3 en h\u00e9roe. Flick sopesa seriamente la idea de que sea titular en el cl\u00e1sico, pero es algo que todav\u00eda se debe madurar. El peligro en transici\u00f3n y a campo abierto con Mbapp\u00e9 y Vinicius encaja con el perfil m\u00e1s potente y corrector del urugayo.<\/p>\n<p class=\"ft-text\"><a class=\"ft-link ft-link--decoration\" href=\"https:\/\/www.dazn.com\/es-ES\/home?utm_source=affiliate&amp;utm_medium=diariosport&amp;utm_campaign=campaign&amp;utm_term=term&amp;utm_content=1101l60374|1110lwCeoHU|diariosport&amp;gad_source=7&amp;dclid=CMm7g6O2uJADFfRNQQId4xoVCw\" rel=\"nofollow noopener\" target=\"_blank\"><strong>No te pierdas el Cl\u00e1sico en DAZN<\/strong><\/a><\/p>\n<p><img decoding=\"async\" src=\"https:\/\/www.europesays.com\/es\/wp-content\/uploads\/2025\/10\/300020a8-3f10-4052-a4c4-6781e7de79d4_alta-libre-aspect-ratio_default_0.jpg\" width=\"1200\" height=\"800\" alt=\"Ara\u00fajo celebra tras anotar el 2-1 contra el Girona\" class=\"ft-helper-img-rd\" loading=\"lazy\" hasdataaida=\"true\"\/><\/p>\n<p class=\"ft-helper-fontColor-quaternary ft-helper-fontSize-body-S ft-helper-spacer-t-xxs\">Ara\u00fajo celebra tras anotar el 2-1 contra el Girona  \/ EFE<\/p>\n<p class=\"ft-text\">Luego faltar\u00e1 por ver el tema de Ferran. <strong>El de Foios se sent\u00f3 en el banquillo en Champions. <\/strong>No jug\u00f3 ni un minuto pero su entrada en la lista dej\u00f3 entrever que est\u00e1 ya OK. Veremos si Flick lo ve listo para salir de inicio. En caso contrario, lo l\u00f3gico ser\u00eda que Rashford se colocara de &#8216;9&#8217; con Ferm\u00edn de falso izquierdo y Lamine por la derecha. Eso obligar\u00eda a Flick a adelantar la posici\u00f3n de Frenkie de Jong y ubicar a Casad\u00f3 de pivote.<\/p>\n<p>RAPHINHA Y BARDGHJI, REVULSIVOS<\/p>\n<p class=\"ft-text\">En cualquier caso, <strong>el t\u00e9cnico alem\u00e1n dej\u00f3 algunas pistas en Montju\u00efc ante Olympiacos sobre algunos futbolistas intocables que recibieron un ligero descanso y que tendr\u00e1n d\u00edas de sobras para llegar al 100% al Bernab\u00e9u.<\/strong> Un partido en el que los de Flick buscar\u00e1n un golpe encima de la mesa tras un inicio de curso algo dubitativo. Raphinha, salvo sorpresa, partir\u00e1 como revulsivo. Junto a Bardghji, que lleva un par de d\u00edas dejando destellos de alta escuela.<\/p>\n","protected":false},"excerpt":{"rendered":"Pese a que por momentos pareci\u00f3 que las cosas se complicaban y Flick no podr\u00eda dosificar a sus&hellip;\n","protected":false},"author":2,"featured_media":195550,"comment_status":"","ping_status":"","sticky":false,"template":"","format":"standard","meta":{"footnotes":""},"categories":[93],"tags":[2296,5145,168,25,24,881,4970,13342,531,15316,3048,23,167],"class_list":{"0":"post-195549","1":"post","2":"type-post","3":"status-publish","4":"format-standard","5":"has-post-thumbnail","7":"category-deportes","8":"tag-barca","9":"tag-clasico","10":"tag-deportes","11":"tag-es","12":"tag-espana","13":"tag-fc-barcelona","14":"tag-flick","15":"tag-hansi-flick","16":"tag-once","17":"tag-pistas","18":"tag-real-madrid","19":"tag-spain","20":"tag-sports"},"share_on_mastodon":{"url":"https:\/\/pubeurope.com\/@es\/115422419046861712","error":""},"_links":{"self":[{"href":"https:\/\/www.europesays.com\/es\/wp-json\/wp\/v2\/posts\/195549","targetHints":{"allow":["GET"]}}],"collection":[{"href":"https:\/\/www.europesays.com\/es\/wp-json\/wp\/v2\/posts"}],"about":[{"href":"https:\/\/www.europesays.com\/es\/wp-json\/wp\/v2\/types\/post"}],"author":[{"embeddable":true,"href":"https:\/\/www.europesays.com\/es\/wp-json\/wp\/v2\/users\/2"}],"replies":[{"embeddable":true,"href":"https:\/\/www.europesays.com\/es\/wp-json\/wp\/v2\/comments?post=195549"}],"version-history":[{"count":0,"href":"https:\/\/www.europesays.com\/es\/wp-json\/wp\/v2\/posts\/195549\/revisions"}],"wp:featuredmedia":[{"embeddable":true,"href":"https:\/\/www.europesays.com\/es\/wp-json\/wp\/v2\/media\/195550"}],"wp:attachment":[{"href":"https:\/\/www.europesays.com\/es\/wp-json\/wp\/v2\/media?parent=195549"}],"wp:term":[{"taxonomy":"category","embeddable":true,"href":"https:\/\/www.europesays.com\/es\/wp-json\/wp\/v2\/categories?post=195549"},{"taxonomy":"post_tag","embeddable":true,"href":"https:\/\/www.europesays.com\/es\/wp-json\/wp\/v2\/tags?post=195549"}],"curies":[{"name":"wp","href":"https:\/\/api.w.org\/{rel}","templated":true}]}}