{"id":195559,"date":"2025-10-23T08:03:12","date_gmt":"2025-10-23T08:03:12","guid":{"rendered":"https:\/\/www.europesays.com\/es\/195559\/"},"modified":"2025-10-23T08:03:12","modified_gmt":"2025-10-23T08:03:12","slug":"como-visitar-sin-entrada-las-atarazanas-de-sevilla-fechas-y-horarios","status":"publish","type":"post","link":"https:\/\/www.europesays.com\/es\/195559\/","title":{"rendered":"C\u00f3mo visitar sin entrada las Atarazanas de Sevilla: fechas y horarios"},"content":{"rendered":"<p style=\"\">Las Reales Atarazanas de Sevilla vuelven a abrirse al p\u00fablico <strong>este jueves 23 de octubre<\/strong>, con una jornada de puertas abiertas que invita a redescubrir uno de los espacios m\u00e1s singulares y cargados de historia de la ciudad. Tras un profundo proceso de rehabilitaci\u00f3n,  &#8230; los visitantes podr\u00e1n recorrer <strong>hasta el 2 de noviembre<\/strong> los 8.625 metros cuadrados de este imponente edificio g\u00f3tico-mud\u00e9jar, con entrada libre y <strong>gratuita entre las 9:00 y las 18:00 horas<\/strong>.<\/p>\n<p class=\"voc-p\" style=\"\">La inauguraci\u00f3n oficial tendr\u00e1 lugar a las 9:00 horas, con la presencia de la consejera de Cultura y Deporte, <strong>Patricia del Pozo<\/strong>, quien dar\u00e1 inicio a las visitas que se desarrollar\u00e1n durante los pr\u00f3ximos d\u00edas.<\/p>\n<p class=\"voc-p\" style=\"\">El proyecto, firmado por el prestigioso arquitecto sevillano <strong>Guillermo V\u00e1zquez Consuegra<\/strong>, ha devuelto el esplendor a estructuras que datan del siglo XIII, cuando Alfonso X mand\u00f3 levantar este arsenal para construir las galeras del reino. El visitante podr\u00e1 admirar hoy el muro de barbacana, las cerchas de madera medievales y los elementos de fundici\u00f3n que convivieron con siglos de historia portuaria y comercial.<\/p>\n<ul class=\"oc-d-c-list__list\">\n<li class=\"voc-d-c-list__item\">\n<p class=\"voc-d-c-list__paragraph\">D\u00f3nde: Atarazanas de Sevilla.<\/p>\n<\/li>\n<li class=\"voc-d-c-list__item\">\n<p class=\"voc-d-c-list__paragraph\">Direcci\u00f3n: Calle Temprado, 1.<\/p>\n<\/li>\n<li class=\"voc-d-c-list__item\">\n<p class=\"voc-d-c-list__paragraph\">Cu\u00e1ndo: Desde el jueves 23 de octubre hasta el 2 de noviembre de 2025.<\/p>\n<\/li>\n<li class=\"voc-d-c-list__item\">\n<p class=\"voc-d-c-list__paragraph\">Horario: De 9:00 a 18:00 horas (\u00faltimo pase a las 17:15 horas).<\/p>\n<\/li>\n<li class=\"voc-d-c-list__item\">\n<p class=\"voc-d-c-list__paragraph\">Entradas: Libre y gratuita.<\/p>\n<\/li>\n<\/ul>\n<p class=\"voc-p\" style=\"\">El recorrido, cuidadosamente dise\u00f1ado, permite comprender el peso hist\u00f3rico y arquitect\u00f3nico del conjunto, a la vez que protege la integridad del monumento. Todo ello convierte la experiencia en un viaje sensorial por la Sevilla mar\u00edtima, aquella que comerciaba con el mundo desde el Guadalquivir.<\/p>\n<p><a class=\"voc-img-link\" href=\"https:\/\/www.abc.es\/sevilla\/ciudad\/imagenes-quedado-reales-atarazanas-tras-varios-anos-20251001115251-gas.html\" data-voc-vtm-id=\"in-text-traffic\" title=\"Las Atarazanas de Sevilla abren al p\u00fablico este jueves 23 de octubre tras su restauraci\u00f3n\" rel=\"nofollow noopener\" target=\"_blank\"><\/p>\n<p><img decoding=\"async\" loading=\"lazy\" src=\"https:\/\/www.europesays.com\/es\/wp-content\/uploads\/2025\/10\/1501453153.jpg\" class=\"voc-img\" width=\"760\" height=\"427\" alt=\"Las Atarazanas de Sevilla abren al p\u00fablico este jueves 23 de octubre tras su restauraci\u00f3n\" data-voc-vtm-id=\"in-text-traffic\"\/><\/p>\n<p><\/a><\/p>\n<p>Galer\u00eda.<\/p>\n<p>Las Atarazanas de Sevilla abren al p\u00fablico este jueves 23 de octubre tras su restauraci\u00f3n<\/p>\n<p>Juan Flores<\/p>\n<p class=\"voc-p\" style=\"\">Las Atarazanas, <a href=\"https:\/\/www.abc.es\/sevilla\/ciudad\/atarazanas-sevilla-ano-obras-20250912065543-nts.html\" title=\"www.abc.es\" data-voc-vtm-id=\"in-text-traffic\" data-mrf-link=\"www.abc.es\" rel=\"nofollow noopener\" target=\"_blank\">que durante d\u00e9cadas permanecieron cerradas y en silencio<\/a>, se presentan ahora como un nuevo espacio cultural, listo para acoger exposiciones, actividades y propuestas art\u00edsticas. Una oportunidad \u00fanica para asomarse al pasado y entender c\u00f3mo el pulso del mar marc\u00f3 la identidad de Sevilla.<\/p>\n","protected":false},"excerpt":{"rendered":"Las Reales Atarazanas de Sevilla vuelven a abrirse al p\u00fablico este jueves 23 de octubre, con una jornada&hellip;\n","protected":false},"author":2,"featured_media":195560,"comment_status":"","ping_status":"","sticky":false,"template":"","format":"standard","meta":{"footnotes":""},"categories":[8],"tags":[12872,54270,17,18,25,24,13,14,11,315,19,20,9,10,15,16,1421,3802,1171,23,12,575,21,22],"class_list":{"0":"post-195559","1":"post","2":"type-post","3":"status-publish","4":"format-standard","5":"has-post-thumbnail","7":"category-espana","8":"tag-abren","9":"tag-atarazanas","10":"tag-breaking-news","11":"tag-breakingnews","12":"tag-es","13":"tag-espana","14":"tag-featured-news","15":"tag-featurednews","16":"tag-headlines","17":"tag-hoy","18":"tag-latest-news","19":"tag-latestnews","20":"tag-news","21":"tag-noticias","22":"tag-noticias-destacadas","23":"tag-noticiasdestacadas","24":"tag-publico","25":"tag-restauracion","26":"tag-sevilla","27":"tag-spain","28":"tag-titulares","29":"tag-tras","30":"tag-ultimas-noticias","31":"tag-ultimasnoticias"},"share_on_mastodon":{"url":"https:\/\/pubeurope.com\/@es\/115422442799278124","error":""},"_links":{"self":[{"href":"https:\/\/www.europesays.com\/es\/wp-json\/wp\/v2\/posts\/195559","targetHints":{"allow":["GET"]}}],"collection":[{"href":"https:\/\/www.europesays.com\/es\/wp-json\/wp\/v2\/posts"}],"about":[{"href":"https:\/\/www.europesays.com\/es\/wp-json\/wp\/v2\/types\/post"}],"author":[{"embeddable":true,"href":"https:\/\/www.europesays.com\/es\/wp-json\/wp\/v2\/users\/2"}],"replies":[{"embeddable":true,"href":"https:\/\/www.europesays.com\/es\/wp-json\/wp\/v2\/comments?post=195559"}],"version-history":[{"count":0,"href":"https:\/\/www.europesays.com\/es\/wp-json\/wp\/v2\/posts\/195559\/revisions"}],"wp:featuredmedia":[{"embeddable":true,"href":"https:\/\/www.europesays.com\/es\/wp-json\/wp\/v2\/media\/195560"}],"wp:attachment":[{"href":"https:\/\/www.europesays.com\/es\/wp-json\/wp\/v2\/media?parent=195559"}],"wp:term":[{"taxonomy":"category","embeddable":true,"href":"https:\/\/www.europesays.com\/es\/wp-json\/wp\/v2\/categories?post=195559"},{"taxonomy":"post_tag","embeddable":true,"href":"https:\/\/www.europesays.com\/es\/wp-json\/wp\/v2\/tags?post=195559"}],"curies":[{"name":"wp","href":"https:\/\/api.w.org\/{rel}","templated":true}]}}