{"id":195562,"date":"2025-10-23T08:07:07","date_gmt":"2025-10-23T08:07:07","guid":{"rendered":"https:\/\/www.europesays.com\/es\/195562\/"},"modified":"2025-10-23T08:07:07","modified_gmt":"2025-10-23T08:07:07","slug":"por-un-triunfo-de-la-fiesta-y-la-aficion","status":"publish","type":"post","link":"https:\/\/www.europesays.com\/es\/195562\/","title":{"rendered":"\u00a1Por un triunfo de la Fiesta y la afici\u00f3n"},"content":{"rendered":"<p>Amigos aficionados\u2026<\/p>\n<p>El fin de semana tendremos toros en los principales ruedos de la Pen\u00ednsula y esa es una muy buena noticia.<\/p>\n<p>Desde esta tribuna, no podemos menos que desear \u00e9xito a todos los involucrados, desde quienes  se deciden a montar los festejos arriesgando pesos y euros (se paga a europeos y cobran en su moneda) hasta los matadores y todos aquellos que hacen algo, que son much\u00edsimos.<\/p>\n<p>Carteles de verdadero tron\u00edo, con atractivo para ir a ambas, que es algo complicado por cuestiones de d\u00edas, pesos y distancias. <\/p>\n<p>Tendremos a dos figuras espa\u00f1olas, de distinto corte y trayectorias tambi\u00e9n: Paco Ure\u00f1a, figura triunfante en Madrid y otras plazas, toreando el domingo en la Monumental Avil\u00e9s de Motul, y un d\u00eda antes, Marco P\u00e9rez, joven salmantino que actuar\u00e1 el s\u00e1bado en la Plaza M\u00e9rida, y toreros mexicanos de renombrada trayectoria.<\/p>\n<p>De verdad, que deseamos lo mejor de lo mejor a ambas organizaciones, siendo que es muy complicado montar festejos. Por tanto, muy aplaudible.<\/p>\n<p> Si ya decidieron dos empresas tirarse al ruedo, que sea con el respeto que la tauromaquia merece (habr\u00e1 festejos muy pegados, e incluso el mismo d\u00eda), con los aficionados salgan con sensaciones grandes en cada d\u00eda de corrida.<\/p>\n<p>Y pasando a otros temas menos quisquillosos, lejos de aqu\u00ed, pero tan importante como lo que se monte en Yucat\u00e1n, debemos destacar un dato que todos los portales taurinos resaltaron: la Plaza de Las Ventas de Madrid registr\u00f3 entradones para la historia en 2025.<\/p>\n<p>En global, cerr\u00f3 con un r\u00e9cord de m\u00e1s de 1 mill\u00f3n de espectadores (1.008,226 en entradas vendidas) en 62 festejos, con una media de 16,261 asistentes por evento. La Feria de San Isidro tambi\u00e9n rompi\u00f3 r\u00e9cords de asistencia, con m\u00e1s de 575,000 espectadores y un total de 15 \u201cno hay billetes\u201d.<\/p>\n<p>De ese mill\u00f3n de entradas, 711,264 corresponden a las 39 corridas de toros celebradas, mientras que las novilladas (16) han reunido a un total de 214,706 asistentes, un dato muy bueno que supone una media 11,928 espectadores por novillada. Los rejones tambi\u00e9n han tenido protagonismo con 59,292 entradas vendidas en el principal coso taurino del mundo.<\/p>\n<p>Madrid colg\u00f3 18 veces el cartel de \u201cNo hay billetes\u201d a lo largo de toda la temporada. Cabe destacar que la entrada media fue de 16,261 espectadores, lo que equivale a un 70.8 por ciento del aforo de Las Ventas.\u2014 Gaspar Silveira<\/p>\n<p>\n\tRelacionado<\/p>\n","protected":false},"excerpt":{"rendered":"Amigos aficionados\u2026 El fin de semana tendremos toros en los principales ruedos de la Pen\u00ednsula y esa es&hellip;\n","protected":false},"author":2,"featured_media":195563,"comment_status":"","ping_status":"","sticky":false,"template":"","format":"standard","meta":{"footnotes":""},"categories":[277],"tags":[373,168,25,24,23,167,374],"class_list":{"0":"post-195562","1":"post","2":"type-post","3":"status-publish","4":"format-standard","5":"has-post-thumbnail","7":"category-toreo","8":"tag-bullfighting","9":"tag-deportes","10":"tag-es","11":"tag-espana","12":"tag-spain","13":"tag-sports","14":"tag-toreo"},"share_on_mastodon":{"url":"https:\/\/pubeurope.com\/@es\/115422458185007236","error":""},"_links":{"self":[{"href":"https:\/\/www.europesays.com\/es\/wp-json\/wp\/v2\/posts\/195562","targetHints":{"allow":["GET"]}}],"collection":[{"href":"https:\/\/www.europesays.com\/es\/wp-json\/wp\/v2\/posts"}],"about":[{"href":"https:\/\/www.europesays.com\/es\/wp-json\/wp\/v2\/types\/post"}],"author":[{"embeddable":true,"href":"https:\/\/www.europesays.com\/es\/wp-json\/wp\/v2\/users\/2"}],"replies":[{"embeddable":true,"href":"https:\/\/www.europesays.com\/es\/wp-json\/wp\/v2\/comments?post=195562"}],"version-history":[{"count":0,"href":"https:\/\/www.europesays.com\/es\/wp-json\/wp\/v2\/posts\/195562\/revisions"}],"wp:featuredmedia":[{"embeddable":true,"href":"https:\/\/www.europesays.com\/es\/wp-json\/wp\/v2\/media\/195563"}],"wp:attachment":[{"href":"https:\/\/www.europesays.com\/es\/wp-json\/wp\/v2\/media?parent=195562"}],"wp:term":[{"taxonomy":"category","embeddable":true,"href":"https:\/\/www.europesays.com\/es\/wp-json\/wp\/v2\/categories?post=195562"},{"taxonomy":"post_tag","embeddable":true,"href":"https:\/\/www.europesays.com\/es\/wp-json\/wp\/v2\/tags?post=195562"}],"curies":[{"name":"wp","href":"https:\/\/api.w.org\/{rel}","templated":true}]}}