{"id":195572,"date":"2025-10-23T08:15:19","date_gmt":"2025-10-23T08:15:19","guid":{"rendered":"https:\/\/www.europesays.com\/es\/195572\/"},"modified":"2025-10-23T08:15:19","modified_gmt":"2025-10-23T08:15:19","slug":"la-razon-por-la-que-brooklyn-beckham-no-tiene-interes-en-reconciliarse-con-sus-padres","status":"publish","type":"post","link":"https:\/\/www.europesays.com\/es\/195572\/","title":{"rendered":"La raz\u00f3n por la que Brooklyn Beckham \u201cno tiene inter\u00e9s\u201d en reconciliarse con sus padres"},"content":{"rendered":"<p><img alt=\"La ausencia de Brooklyn Beckham\" class=\"global-image\" decoding=\"async\" fetchpriority=\"high\" height=\"1080\" loading=\"eager\" src=\"https:\/\/www.europesays.com\/es\/wp-content\/uploads\/2025\/10\/HFEUITMBHBDENI5AY7CSQXAXNQ.jpg\" width=\"1920\"\/>La ausencia de Brooklyn Beckham en el cumplea\u00f1os de su padre marc\u00f3 un nuevo cap\u00edtulo en la ruptura con su familia (Karwai Tang\/WireImage)<\/p>\n<p class=\"paragraph\">La ruptura entre<b> <\/b><a href=\"https:\/\/www.infobae.com\/entretenimiento\/2025\/09\/26\/brooklyn-beckham-hablo-sobre-la-relacion-con-su-familia-no-me-afectan-las-criticas-tengo-a-nicola\/\" target=\"_blank\" rel=\"noreferrer nofollow noopener\" title=\"https:\/\/www.infobae.com\/entretenimiento\/2025\/09\/26\/brooklyn-beckham-hablo-sobre-la-relacion-con-su-familia-no-me-afectan-las-criticas-tengo-a-nicola\/\">Brooklyn Beckham<\/a> y su familia permanece sin resoluci\u00f3n, ya que el joven chef y <b>su esposa Nicola Peltz <\/b>decidieron no involucrarse en intentos de acercamiento y priorizan la tranquilidad de su vida en com\u00fan.<\/p>\n<p class=\"paragraph\">Seg\u00fan report\u00f3 Us Weekly, fuentes cercanas afirman que <b>Brooklyn \u201cno tiene inter\u00e9s en arreglar las cosas en este momento\u201d<\/b> y concentra sus energ\u00edas en mantener una vida pac\u00edfica junto a Peltz.<\/p>\n<p class=\"paragraph\">De acuerdo con las declaraciones recogidas, el hijo mayor de <a href=\"https:\/\/www.infobae.com\/entretenimiento\/2025\/10\/09\/victoria-beckham-y-su-epoca-oscura-la-crisis-que-casi-arruina-su-marca-y-afecto-su-matrimonio\/\" target=\"_blank\" rel=\"noreferrer nofollow noopener\" title=\"https:\/\/www.infobae.com\/entretenimiento\/2025\/10\/09\/victoria-beckham-y-su-epoca-oscura-la-crisis-que-casi-arruina-su-marca-y-afecto-su-matrimonio\/\">David Beckham y Victoria Beckham<\/a> atraviesa un periodo de distanciamiento con sus padres y hermanos.<\/p>\n<p class=\"paragraph\">\u201cSe enfoca en vivir una existencia libre de conflictos y ha construido junto a Peltz su propio entorno, donde ambos se muestran satisfechos\u201d, puntualiza el citado medio.<\/p>\n<p class=\"paragraph\">Los informantes describen el v\u00ednculo actual dentro del n\u00facleo familiar como \u201c<b>muy tenso<\/b>\u201d y confirman que Brooklyn no mantiene comunicaci\u00f3n con sus padres ni con sus hermanos <b>Romeo<\/b> y <b>Cruz<\/b>.<\/p>\n<p><img alt=\"Brooklyn ha bloqueado el contacto\" class=\"global-image\" decoding=\"async\" fetchpriority=\"low\" height=\"4147\" loading=\"lazy\" src=\"https:\/\/www.europesays.com\/es\/wp-content\/uploads\/2025\/10\/SMZRXFTZBVHQLJPUGFBOHABSC4.JPG\" width=\"6012\"\/>Brooklyn ha bloqueado el contacto con los Beckham (IMAGN IMAGES via Reuters\/Peter Casey)<\/p>\n<p class=\"paragraph\">El conflicto comenz\u00f3 a hacerse notorio p\u00fablicamente en 2022, previo al casamiento entre <b>Brooklyn Beckham<\/b> y <b>Nicola Peltz<\/b>.<\/p>\n<p class=\"paragraph\">Durante los preparativos para la boda, la actriz opt\u00f3 por no elegir a su suegra, <b>Victoria Beckham<\/b>, para dise\u00f1ar su vestido.<\/p>\n<p class=\"paragraph\">Posteriormente, surgieron versiones sobre un tenso episodio durante la recepci\u00f3n, cuando Marc Anthony elogi\u00f3 a Victoria como la \u201cmujer m\u00e1s bella de la sala\u201d, lo que motiv\u00f3 que Peltz abandonara el ambiente visiblemente afectada.<\/p>\n<p class=\"paragraph\">El punto m\u00e1s reciente de fricci\u00f3n se produjo en mayo, cuando Brooklyn Beckham y Nicola Peltz no participaron del 50\u00b0 cumplea\u00f1os de David Beckham.<\/p>\n<p class=\"paragraph\">Al respecto, Page Six inform\u00f3 que la ausencia habr\u00eda estado vinculada a desacuerdos sobre la entonces pareja de <b>Romeo Beckham<\/b>, <b>Kim Turnbull<\/b>.<\/p>\n<p><img alt=\"Nicola Peltz y Brooklyn Beckham\" class=\"global-image\" decoding=\"async\" fetchpriority=\"low\" height=\"1440\" loading=\"lazy\" src=\"https:\/\/www.europesays.com\/es\/wp-content\/uploads\/2025\/10\/LLBUGYVWSJECDGEE7OIBBSI5JI.jpg\" width=\"1080\"\/>Nicola Peltz y Brooklyn Beckham celebraron su renovaci\u00f3n de votos sin la asistencia de David y Victoria (Instagram)<\/p>\n<p class=\"paragraph\">Algunas versiones suger\u00edan que <b>Brooklyn<\/b> no aprobaba la relaci\u00f3n de su hermano, aunque <b>Turnbull<\/b> desminti\u00f3 cualquier implicancia rom\u00e1ntica pasada con <b>Brooklyn<\/b>, aclarando en sus redes sociales:<\/p>\n<p class=\"paragraph\">\u201cNunca hemos estado involucrados sentimentalmente de ninguna forma, solo tuvimos una amistad escolar a los 16 a\u00f1os\u201d.<\/p>\n<p class=\"paragraph\">Us Weekly resalta que el distanciamiento impact\u00f3 especialmente en <b>Victoria Beckham<\/b>, quien lament\u00f3 no contar con todos sus hijos en actos relevantes, como el estreno de su documental en Netflix el 9 de octubre.<\/p>\n<p class=\"paragraph\">\u201cElla quer\u00eda a toda la familia reunida para celebrar ese momento\u201d, cit\u00f3 el medio. El padre del clan, <b>David Beckham<\/b>, comparte el mismo sentimiento y expresa nostalgia por la cercan\u00eda familiar del pasado.<\/p>\n<p class=\"paragraph\">\u201cSiempre han puesto a la familia como prioridad y la distancia, sobre todo en fechas significativas, representa un golpe para ellos\u201d, a\u00f1ade la fuente consultada por el citado medio.<\/p>\n<p><img alt=\"La pareja muestra su compromiso\" class=\"global-image\" decoding=\"async\" fetchpriority=\"low\" height=\"810\" loading=\"lazy\" src=\"https:\/\/www.europesays.com\/es\/wp-content\/uploads\/2025\/10\/MBNL4CXCSRCR5MAQXYY6X7DEFY.jpeg\" width=\"1080\"\/>La pareja muestra su compromiso mientras mantienen distancia de la familia Beckham, centrados en una vida tranquila y alejada del drama familiar (Instagram\/Nicola Peltz)<\/p>\n<p class=\"paragraph\">El alejamiento tambi\u00e9n se vio reforzado por las interacciones en redes sociales, donde <b>Cruz Beckham<\/b> public\u00f3 mensajes alusivos a \u201ckarma\u201d y a una supuesta \u201cestafa\u201d, acompa\u00f1ados de una frase enf\u00e1tica: \u201c<b>Est\u00e1s como muerto para m\u00ed<\/b>\u201d, aunque sin identificar destinatario.<\/p>\n<p class=\"paragraph\"><b>Romeo Beckham<\/b>, por su parte, fue se\u00f1alado por <b>burlarse de Nicola Peltz<\/b> a trav\u00e9s de comentarios similares en Instagram. Estas acciones llevaron a que Brooklyn y Peltz terminaran bloqueados por los hermanos, cerrando as\u00ed toda posibilidad de comunicaci\u00f3n directa.<\/p>\n<p class=\"paragraph\">Adem\u00e1s de la situaci\u00f3n dentro del grupo familiar, el v\u00ednculo entre <b>Victoria Beckham<\/b> y <b>Nicola Peltz<\/b> ha estado marcado por versiones de desencuentros, acentuados durante la boda de Brooklyn en 2022.<\/p>\n<p class=\"paragraph\">Algunos informes apuntaron que la empresaria y ex integrante de Spice Girls habr\u00eda arruinado el primer baile de la pareja.<\/p>\n<p class=\"paragraph\">Sin embargo, personas allegadas a <b>Victoria Beckham<\/b> negaron estos dichos en conversaci\u00f3n con Page Six, asegurando que la dise\u00f1adora desconoc\u00eda los motivos del malestar de Peltz durante la celebraci\u00f3n.<\/p>\n<p><img alt=\"Brooklyn Beckham declar\u00f3 estar enfocado\" class=\"global-image\" decoding=\"async\" fetchpriority=\"low\" height=\"2765\" loading=\"lazy\" src=\"https:\/\/www.europesays.com\/es\/wp-content\/uploads\/2025\/10\/SSQWSIOEPRAGZPRKN67K5EY4WY\" width=\"4915\"\/>Brooklyn Beckham declar\u00f3 estar enfocado en una vida pac\u00edfica junto a Nicola Peltz, sin inter\u00e9s actual en reconciliarse con su familia (REUTERS\/Aude Guerrucci)<\/p>\n<p class=\"paragraph\">Ante el avance del distanciamiento, fuentes informaron al mismo portal que <b>Brooklyn Beckham<\/b> permanece inalcanzable para quienes intentan contactarlo y ha comunicado a su entorno que prefiere no tener relaci\u00f3n con su familia en el corto plazo.<\/p>\n<p class=\"paragraph\">El propio Brooklyn aludi\u00f3 a la situaci\u00f3n en una entrevista con el Daily Mail, donde expres\u00f3: \u201cYo y ella (Nicola) simplemente hacemos lo nuestro, <b>bajamos la cabeza y trabajamos. Estamos felices<\/b>\u201d.<\/p>\n<p class=\"paragraph\">En agosto, ni David ni Victoria Beckham asistieron a la renovaci\u00f3n de votos de Brooklyn Beckham y Nicola Peltz.<\/p>\n<p class=\"paragraph\">A pesar de la distancia, Victoria dedic\u00f3 unas palabras a su hijo mayor en la presentaci\u00f3n de la docuserie <b>Victoria Beckham<\/b> en Londres.<\/p>\n<p class=\"paragraph\">La producci\u00f3n de tres episodios incluye la aparici\u00f3n de la pareja en uno de sus segmentos, un gesto que algunos interpretaron como se\u00f1al de apertura, aunque sin evidencias de una verdadera reconciliaci\u00f3n.<\/p>\n<p><img alt=\"David y Victoria Beckham lamentan\" class=\"global-image\" decoding=\"async\" fetchpriority=\"low\" height=\"427\" loading=\"lazy\" src=\"https:\/\/www.europesays.com\/es\/wp-content\/uploads\/2025\/10\/1761207319_634_F7AKZ4GDWJH4LHJWGMVQBESRAI.JPG\" width=\"640\"\/>David y Victoria Beckham lamentan no contar con la presencia de su hijo Brooklyn durante eventos familiares clave, revelaron fuentes a la prensa (REUTERS\/Jaimi Joy)<\/p>\n<p class=\"paragraph\">La situaci\u00f3n refleja una din\u00e1mica en la que <b>Brooklyn Beckham<\/b> diferencia entre su nueva vida y los lazos familiares de origen. \u201cQuieren dejar que las cosas se acomoden solas sin forzar una soluci\u00f3n, porque la tensi\u00f3n sigue estando all\u00ed\u201d, aclara la fuente a Us Weekly.<\/p>\n","protected":false},"excerpt":{"rendered":"La ausencia de Brooklyn Beckham en el cumplea\u00f1os de su padre marc\u00f3 un nuevo cap\u00edtulo en la ruptura&hellip;\n","protected":false},"author":2,"featured_media":195573,"comment_status":"","ping_status":"","sticky":false,"template":"","format":"standard","meta":{"footnotes":""},"categories":[174],"tags":[3118,255,146,147,25,24,256,329,3120,3119,23,3020],"class_list":{"0":"post-195572","1":"post","2":"type-post","3":"status-publish","4":"format-standard","5":"has-post-thumbnail","7":"category-famosos","8":"tag-arts-culture-entertainment","9":"tag-celebrities","10":"tag-entertainment","11":"tag-entretenimiento","12":"tag-es","13":"tag-espana","14":"tag-famosos","15":"tag-golf","16":"tag-new-york","17":"tag-north-america","18":"tag-spain","19":"tag-sport"},"share_on_mastodon":{"url":"https:\/\/pubeurope.com\/@es\/115422490157573409","error":""},"_links":{"self":[{"href":"https:\/\/www.europesays.com\/es\/wp-json\/wp\/v2\/posts\/195572","targetHints":{"allow":["GET"]}}],"collection":[{"href":"https:\/\/www.europesays.com\/es\/wp-json\/wp\/v2\/posts"}],"about":[{"href":"https:\/\/www.europesays.com\/es\/wp-json\/wp\/v2\/types\/post"}],"author":[{"embeddable":true,"href":"https:\/\/www.europesays.com\/es\/wp-json\/wp\/v2\/users\/2"}],"replies":[{"embeddable":true,"href":"https:\/\/www.europesays.com\/es\/wp-json\/wp\/v2\/comments?post=195572"}],"version-history":[{"count":0,"href":"https:\/\/www.europesays.com\/es\/wp-json\/wp\/v2\/posts\/195572\/revisions"}],"wp:featuredmedia":[{"embeddable":true,"href":"https:\/\/www.europesays.com\/es\/wp-json\/wp\/v2\/media\/195573"}],"wp:attachment":[{"href":"https:\/\/www.europesays.com\/es\/wp-json\/wp\/v2\/media?parent=195572"}],"wp:term":[{"taxonomy":"category","embeddable":true,"href":"https:\/\/www.europesays.com\/es\/wp-json\/wp\/v2\/categories?post=195572"},{"taxonomy":"post_tag","embeddable":true,"href":"https:\/\/www.europesays.com\/es\/wp-json\/wp\/v2\/tags?post=195572"}],"curies":[{"name":"wp","href":"https:\/\/api.w.org\/{rel}","templated":true}]}}