{"id":195578,"date":"2025-10-23T08:18:12","date_gmt":"2025-10-23T08:18:12","guid":{"rendered":"https:\/\/www.europesays.com\/es\/195578\/"},"modified":"2025-10-23T08:18:12","modified_gmt":"2025-10-23T08:18:12","slug":"disney-junior-podra-verse-gratis-y-en-abierto-en-television-a-partir-del-31-de-octubre","status":"publish","type":"post","link":"https:\/\/www.europesays.com\/es\/195578\/","title":{"rendered":"Disney Junior podr\u00e1 verse gratis y en abierto en televisi\u00f3n a partir del 31 de octubre"},"content":{"rendered":"<p class=\"v-mdl-ath__p v-mdl-ath__p--6\">\nJueves, 23 de octubre 2025, 00:14<\/p>\n<p class=\"v-p\">Disney vuelve a la TDT gratis y en abierto, aunque solo de manera parcial. El pasado 6 de enero el ic\u00f3nico canal Disney Channel desapareci\u00f3 para siempre de nuestras vidas tras 27 a\u00f1os de emisi\u00f3n continuada y parece que despu\u00e9s de este lapso de tiempo los contenidos de animaci\u00f3n de la compa\u00f1\u00eda volver\u00e1n a la televisi\u00f3n p\u00fablica gracias al acuerdo con RTVE.<\/p>\n<p class=\"v-p\">De esta forma, Disney Junior se podr\u00e1 ver a trav\u00e9s de Clan. Esta franja de programaci\u00f3n podr\u00e1 disfrutarse en el canal infantil de RTVE de lunes a domingo dos veces al d\u00eda y refuerza el compromiso de la cadena por ofrecer contenidos de calidad para su p\u00fablico preescolar.<\/p>\n<p class=\"v-p\">A partir del 31 de octubre, Clan emitir\u00e1 una selecci\u00f3n de las mejores series de Disney Junior, dirigidas a la audiencia en edad preescolar. Este nuevo espacio incluir\u00e1 t\u00edtulos emblem\u00e1ticos como &#8216;La casa de Mickey Mouse&#8217;, &#8216;Spidey y su superequipo&#8217; , &#8216;Superkitties&#8217; o &#8216;Doctora Juguetes&#8217;, entre otros, ofreciendo entretenimiento de calidad para el p\u00fablico infantil.<\/p>\n<p class=\"v-p\">La iniciativa surge a trav\u00e9s de un acuerdo estrat\u00e9gico entre Disney y RTVE, que busca enriquecer la oferta infantil de Clan con contenidos reconocidos internacionalmente por su calidad, creatividad y enfoque pedag\u00f3gico.<\/p>\n<p><a href=\"http:\/\/www.lasprovincias.es\/culturas\/tv\/famoso-canal-abandona-tdt-despues-anos-20251022160335-nt.html#vtm_modulosEngag=mod-rel:culturas:noticia:1:cmp:1-not\" class=\"v-a-link\" aria-label=\"Imagen\" rel=\"nofollow noopener\" target=\"_blank\"><\/p>\n<p><img decoding=\"async\" loading=\"lazy\" src=\"https:\/\/www.europesays.com\/es\/wp-content\/uploads\/2025\/10\/canales-tdt-kzjF--366x256@Las Provincias.jpg\" class=\"v-a-img\" width=\"258\" height=\"180\" alt=\"\" data-voc-vtm-id=\"in-text-traffic\"\/><\/p>\n<p><\/a><\/p>\n<p class=\"v-p\"><strong>Sobre Clan<\/strong><\/p>\n<p class=\"v-p\">El canal infantil de RTVE es el canal de referencia para los ni\u00f1os y ni\u00f1as entre los cuatro y los doce a\u00f1os. Destaca por su car\u00e1cter educativo y respetuoso con la infancia. Los c\u00f3digos que se incluyen en la programaci\u00f3n garantizan su seguridad y confianza para sus progenitores. Su programaci\u00f3n conjuga entretenimiento con defensa de valores como la amistad, el respeto, la no discriminaci\u00f3n, defensa del medioambiente y h\u00e1bitos de vida saludables.<\/p>\n<p class=\"v-p\"><strong>Sobre Disney Junior<\/strong><\/p>\n<p class=\"v-p\">Disney Jr. es una marca global multiplataforma dirigida expresamente a ni\u00f1os en edad preescolar de entre 2 y 7 a\u00f1os y sus familias. Con historias y personajes que que reflejan la esencia \u00fanica de Disney \u2014magia, m\u00fasica, aventura y coraz\u00f3n\u2014, la marca alberga algunos de los programas y franquicias m\u00e1s queridos por los peque\u00f1os, incluyendo \u00abLa casa de Mickey Mouse\u00bb, \u00abDoctora Juguetes\u00bb, \u00abLa princesa Sof\u00eda\u00bb y las exitosas series actuales \u00abSuperKitties\u00bb y \u00abMarvel Spidey y su superequipo\u00bb. Con contenido creado por Disney Branded Television, Disney Jr. est\u00e1 disponible en cualquier momento y lugar para que las familias lo vean y disfruten juntas \u2014desde el popular canal de YouTube Disney Jr., la red preescolar n\u00famero uno disponible las 24 horas, hasta el servicio de streaming Disney+.<\/p>\n<p>Reporta un error<\/p>\n","protected":false},"excerpt":{"rendered":"Jueves, 23 de octubre 2025, 00:14 Disney vuelve a la TDT gratis y en abierto, aunque solo de&hellip;\n","protected":false},"author":2,"featured_media":195579,"comment_status":"","ping_status":"","sticky":false,"template":"","format":"standard","meta":{"footnotes":""},"categories":[171],"tags":[1046,1060,146,147,25,24,126,3368,9072,10004,15870,23,807,214,11535],"class_list":{"0":"post-195578","1":"post","2":"type-post","3":"status-publish","4":"format-standard","5":"has-post-thumbnail","7":"category-tv","8":"tag-abierto","9":"tag-disney","10":"tag-entertainment","11":"tag-entretenimiento","12":"tag-es","13":"tag-espana","14":"tag-gratis","15":"tag-junior","16":"tag-octubre","17":"tag-partir","18":"tag-podra","19":"tag-spain","20":"tag-television","21":"tag-tv","22":"tag-verse"},"share_on_mastodon":{"url":"https:\/\/pubeurope.com\/@es\/115422501950690909","error":""},"_links":{"self":[{"href":"https:\/\/www.europesays.com\/es\/wp-json\/wp\/v2\/posts\/195578","targetHints":{"allow":["GET"]}}],"collection":[{"href":"https:\/\/www.europesays.com\/es\/wp-json\/wp\/v2\/posts"}],"about":[{"href":"https:\/\/www.europesays.com\/es\/wp-json\/wp\/v2\/types\/post"}],"author":[{"embeddable":true,"href":"https:\/\/www.europesays.com\/es\/wp-json\/wp\/v2\/users\/2"}],"replies":[{"embeddable":true,"href":"https:\/\/www.europesays.com\/es\/wp-json\/wp\/v2\/comments?post=195578"}],"version-history":[{"count":0,"href":"https:\/\/www.europesays.com\/es\/wp-json\/wp\/v2\/posts\/195578\/revisions"}],"wp:featuredmedia":[{"embeddable":true,"href":"https:\/\/www.europesays.com\/es\/wp-json\/wp\/v2\/media\/195579"}],"wp:attachment":[{"href":"https:\/\/www.europesays.com\/es\/wp-json\/wp\/v2\/media?parent=195578"}],"wp:term":[{"taxonomy":"category","embeddable":true,"href":"https:\/\/www.europesays.com\/es\/wp-json\/wp\/v2\/categories?post=195578"},{"taxonomy":"post_tag","embeddable":true,"href":"https:\/\/www.europesays.com\/es\/wp-json\/wp\/v2\/tags?post=195578"}],"curies":[{"name":"wp","href":"https:\/\/api.w.org\/{rel}","templated":true}]}}