{"id":195588,"date":"2025-10-23T08:23:08","date_gmt":"2025-10-23T08:23:08","guid":{"rendered":"https:\/\/www.europesays.com\/es\/195588\/"},"modified":"2025-10-23T08:23:08","modified_gmt":"2025-10-23T08:23:08","slug":"fito-cabrales-se-sincera-en-la-revuelta-yo-no-me-drogo-ni-bebo-ni-fumo-ni-nada-desde-hace-tiempo-ya-gente","status":"publish","type":"post","link":"https:\/\/www.europesays.com\/es\/195588\/","title":{"rendered":"Fito Cabrales se sincera en \u2018La revuelta\u2019: \u201cYo no me drogo. Ni bebo ni fumo ni nada desde hace tiempo ya\u201d | Gente"},"content":{"rendered":"<p class=\"\">Fito Cabrales visit\u00f3 este mi\u00e9rcoles 22 de octubre La revuelta para presentar el \u00faltimo disco de Fito y Fitipaldis, El monte de los aullidos. La banda regresa a la carretera tras m\u00e1s de dos a\u00f1os y medio con <a href=\"https:\/\/elpais.com\/cultura\/2025-04-30\/hoy-salen-a-la-venta-las-entradas-de-fito-fitipaldis-para-los-conciertos-de-su-nueva-gira-fechas-y-precios.html\" target=\"_self\" rel=\"nofollow noopener\" title=\"https:\/\/elpais.com\/cultura\/2025-04-30\/hoy-salen-a-la-venta-las-entradas-de-fito-fitipaldis-para-los-conciertos-de-su-nueva-gira-fechas-y-precios.html\">Aullidos Tour, una gira que ha vendido 400.000 entradas y que pasar\u00e1 por 28 ciudades espa\u00f1olas<\/a>. \u201cEstoy muy contento de volver, estoy muy agradecido. Me siento con la obligaci\u00f3n de devolver todo el cari\u00f1o recibido\u201d, dijo el m\u00fasico vizca\u00edno, de 59 a\u00f1os, que no pisaba el plat\u00f3 del programa desde 2021.<\/p>\n<p class=\"\">En su entrevista, Fito explic\u00f3 al presentador, <a href=\"https:\/\/elpais.com\/television\/2024-09-08\/david-broncano-no-necesito-a-ningun-politico-para-trabajar-en-la-tele.html\" target=\"_blank\" rel=\"noreferrer nofollow noopener\" title=\"https:\/\/elpais.com\/television\/2024-09-08\/david-broncano-no-necesito-a-ningun-politico-para-trabajar-en-la-tele.html\">David Broncano<\/a>, que hace ya muchos a\u00f1os que no consume drogas, alcohol, ni tabaco: \u201cYo no me drogo, ni bebo ni fumo ni nada desde hace tiempo ya\u201d. \u201cMe dijeron que estaba tocadito, que si paraba ya no tendr\u00eda problemas. Fumar lo llevo bien porque no me acuerdo\u201d, explic\u00f3 sobre el tabaco. Y con el tema del alcohol, insisti\u00f3 en que una vez logr\u00f3 dejar las drogas, ya <a href=\"https:\/\/elpais.com\/gente\/2024-11-15\/los-hermanos-mario-y-oscar-casas-los-ultimos-famosos-en-contar-por-que-no-beben-alcohol.html\" target=\"_blank\" rel=\"noreferrer nofollow noopener\" title=\"https:\/\/elpais.com\/gente\/2024-11-15\/los-hermanos-mario-y-oscar-casas-los-ultimos-famosos-en-contar-por-que-no-beben-alcohol.html\">no le interesaba beber<\/a>. Sobre las drogas, insisti\u00f3 en que, \u201csi no te dan problemas, pues no las dejes\u2026 pero es que te van a dar problemas\u201d. <\/p>\n<p>M\u00e1s informaci\u00f3n<\/p>\n<p class=\"\">El exmiembro de Platero y T\u00fa tambi\u00e9n habl\u00f3 de su estilo de vida y de c\u00f3mo gestiona la ansiedad y el ritmo de la vida actual. \u201cSi hago mis respiraciones, me tomo las pastillas y duermo mis horas, puedo salir a la calle\u201d, explic\u00f3 el cantante de Soldadito Marinero o Por la boca vive el pez, que reconoci\u00f3 que est\u00e1 intentando aprender a tomarse la vida con m\u00e1s tranquilidad. <\/p>\n<p class=\"\">En su paso por el programa, Fito tambi\u00e9n regal\u00f3 al presentador una guitarra. \u201cMi patrimonio real son 16 discos, porque una casa se quema, pero lo que yo siento como patrimonio real y lo que m\u00e1s valor tiene son mis canciones. Con eso y una guitarra me gano la vida\u201d, respondi\u00f3 el artista a una de las preguntas cl\u00e1sicas que Broncano hace a todos sus invitados, la de cu\u00e1nto dinero tiene. Finalmente, Fito &amp; Fitipaldis ofrecieron una actuaci\u00f3n en el plat\u00f3 del programa de TVE, donde interpretaron Los cuervos se lo pasan bien, el primer tema que han sacado de su \u00faltimo \u00e1lbum.<\/p>\n","protected":false},"excerpt":{"rendered":"Fito Cabrales visit\u00f3 este mi\u00e9rcoles 22 de octubre La revuelta para presentar el \u00faltimo disco de Fito y&hellip;\n","protected":false},"author":2,"featured_media":195589,"comment_status":"","ping_status":"","sticky":false,"template":"","format":"standard","meta":{"footnotes":""},"categories":[91],"tags":[9029,146,147,25,24,44420,260,29956,185,518,23,807,3156],"class_list":{"0":"post-195588","1":"post","2":"type-post","3":"status-publish","4":"format-standard","5":"has-post-thumbnail","7":"category-entretenimiento","8":"tag-david-broncano","9":"tag-entertainment","10":"tag-entretenimiento","11":"tag-es","12":"tag-espana","13":"tag-fito-los-fitipaldis","14":"tag-gente","15":"tag-la-revuelta","16":"tag-musica","17":"tag-rtve","18":"tag-spain","19":"tag-television","20":"tag-tve"},"share_on_mastodon":{"url":"https:\/\/pubeurope.com\/@es\/115422521270131737","error":""},"_links":{"self":[{"href":"https:\/\/www.europesays.com\/es\/wp-json\/wp\/v2\/posts\/195588","targetHints":{"allow":["GET"]}}],"collection":[{"href":"https:\/\/www.europesays.com\/es\/wp-json\/wp\/v2\/posts"}],"about":[{"href":"https:\/\/www.europesays.com\/es\/wp-json\/wp\/v2\/types\/post"}],"author":[{"embeddable":true,"href":"https:\/\/www.europesays.com\/es\/wp-json\/wp\/v2\/users\/2"}],"replies":[{"embeddable":true,"href":"https:\/\/www.europesays.com\/es\/wp-json\/wp\/v2\/comments?post=195588"}],"version-history":[{"count":0,"href":"https:\/\/www.europesays.com\/es\/wp-json\/wp\/v2\/posts\/195588\/revisions"}],"wp:featuredmedia":[{"embeddable":true,"href":"https:\/\/www.europesays.com\/es\/wp-json\/wp\/v2\/media\/195589"}],"wp:attachment":[{"href":"https:\/\/www.europesays.com\/es\/wp-json\/wp\/v2\/media?parent=195588"}],"wp:term":[{"taxonomy":"category","embeddable":true,"href":"https:\/\/www.europesays.com\/es\/wp-json\/wp\/v2\/categories?post=195588"},{"taxonomy":"post_tag","embeddable":true,"href":"https:\/\/www.europesays.com\/es\/wp-json\/wp\/v2\/tags?post=195588"}],"curies":[{"name":"wp","href":"https:\/\/api.w.org\/{rel}","templated":true}]}}