{"id":195602,"date":"2025-10-23T08:36:23","date_gmt":"2025-10-23T08:36:23","guid":{"rendered":"https:\/\/www.europesays.com\/es\/195602\/"},"modified":"2025-10-23T08:36:23","modified_gmt":"2025-10-23T08:36:23","slug":"la-comunidad-de-madrid-refuerza-el-transporte-publico-por-la-celebracion-de-la-exhibicion-de-formula-1-de-carlos-sainz","status":"publish","type":"post","link":"https:\/\/www.europesays.com\/es\/195602\/","title":{"rendered":"La Comunidad de Madrid refuerza el transporte p\u00fablico por la celebraci\u00f3n de la exhibici\u00f3n de F\u00f3rmula 1 de Carlos Sainz"},"content":{"rendered":"<p class=\"text-align-justify\">El dispositivo especial, en colaboraci\u00f3n con los promotores del espect\u00e1culo, estar\u00e1 operativo desde las 16.00 horas para agilizar y atender el tr\u00e1nsito del p\u00fablico que asista. No obstante, por orden ministerial, se tienen que cerrar las salidas de la estaci\u00f3n de Feria de Madrid de 17:30 a 20:00. Por lo tanto, se recomienda acudir al evento antes de esa hora ante posibles atascos y aglomeraciones en la zona de recinto ferial.\u00a0<\/p>\n<p class=\"text-align-justify\">Adem\u00e1s de la estaci\u00f3n de Feria de Madrid (L8), se recomienda utilizar otras estaciones aleda\u00f1as y pr\u00f3ximas al circuito, como son Mar de Cristal (L4 y L8) y Canillas (L4).<\/p>\n<p class=\"text-align-justify\">En este sentido, la organizaci\u00f3n del evento, en colaboraci\u00f3n con la Empresa Municipal de Transportes, ha dise\u00f1ado un servicio de lanzaderas desde las estaciones de Metro de Mar de Cristal, Canillas y Barajas, que conectar\u00e1n directamente con los recintos feriales.<\/p>\n","protected":false},"excerpt":{"rendered":"El dispositivo especial, en colaboraci\u00f3n con los promotores del espect\u00e1culo, estar\u00e1 operativo desde las 16.00 horas para agilizar&hellip;\n","protected":false},"author":2,"featured_media":195603,"comment_status":"","ping_status":"","sticky":false,"template":"","format":"standard","meta":{"footnotes":""},"categories":[270],"tags":[168,25,24,306,271,272,23,167],"class_list":{"0":"post-195602","1":"post","2":"type-post","3":"status-publish","4":"format-standard","5":"has-post-thumbnail","7":"category-formula-1","8":"tag-deportes","9":"tag-es","10":"tag-espana","11":"tag-f1","12":"tag-formula-1","13":"tag-formula1","14":"tag-spain","15":"tag-sports"},"share_on_mastodon":{"url":"https:\/\/pubeurope.com\/@es\/115422572456198495","error":""},"_links":{"self":[{"href":"https:\/\/www.europesays.com\/es\/wp-json\/wp\/v2\/posts\/195602","targetHints":{"allow":["GET"]}}],"collection":[{"href":"https:\/\/www.europesays.com\/es\/wp-json\/wp\/v2\/posts"}],"about":[{"href":"https:\/\/www.europesays.com\/es\/wp-json\/wp\/v2\/types\/post"}],"author":[{"embeddable":true,"href":"https:\/\/www.europesays.com\/es\/wp-json\/wp\/v2\/users\/2"}],"replies":[{"embeddable":true,"href":"https:\/\/www.europesays.com\/es\/wp-json\/wp\/v2\/comments?post=195602"}],"version-history":[{"count":0,"href":"https:\/\/www.europesays.com\/es\/wp-json\/wp\/v2\/posts\/195602\/revisions"}],"wp:featuredmedia":[{"embeddable":true,"href":"https:\/\/www.europesays.com\/es\/wp-json\/wp\/v2\/media\/195603"}],"wp:attachment":[{"href":"https:\/\/www.europesays.com\/es\/wp-json\/wp\/v2\/media?parent=195602"}],"wp:term":[{"taxonomy":"category","embeddable":true,"href":"https:\/\/www.europesays.com\/es\/wp-json\/wp\/v2\/categories?post=195602"},{"taxonomy":"post_tag","embeddable":true,"href":"https:\/\/www.europesays.com\/es\/wp-json\/wp\/v2\/tags?post=195602"}],"curies":[{"name":"wp","href":"https:\/\/api.w.org\/{rel}","templated":true}]}}