{"id":195610,"date":"2025-10-23T08:41:18","date_gmt":"2025-10-23T08:41:18","guid":{"rendered":"https:\/\/www.europesays.com\/es\/195610\/"},"modified":"2025-10-23T08:41:18","modified_gmt":"2025-10-23T08:41:18","slug":"las-redes-el-nuevo-prescriptor-cultural","status":"publish","type":"post","link":"https:\/\/www.europesays.com\/es\/195610\/","title":{"rendered":"Las redes, el nuevo prescriptor cultural:"},"content":{"rendered":"<p>            Las redes, el nuevo prescriptor cultural:                <\/p>\n<p>Las redes, nuevo prescriptor cultural: \u00abLas editoriales han visto un fil\u00f3n en los divulgadores literarios\u00bb<\/p>\n<p>libros<\/p>\n<p class=\"epigraph\">Un reciente estudio revela que seis de cada diez espa\u00f1oles ya usan las plataformas digitales como fuente principal para descubrir libros, m\u00fasica y series.<\/p>\n<p class=\"paragraph\">Entre las novedades de noviembre del cat\u00e1logo de un sello editorial figura un libro que incluye como reclamo, en primer lugar, una gran campa\u00f1a de marketing digital y tambi\u00e9n el env\u00edo VIP a &#8216;influencers&#8217;. Es un ejemplo m\u00e1s de c\u00f3mo las <a href=\"https:\/\/www.heraldo.es\/tags\/temas\/redes_sociales.html\" title=\"Redes Sociales\" rel=\"nofollow noopener\" target=\"_blank\">redes sociales<\/a> se han convertido en <b>una fuente relevante para descubrir<\/b> <a href=\"https:\/\/www.heraldo.es\/tags\/lugares\/libros.html\" title=\"Libros\" rel=\"nofollow noopener\" target=\"_blank\">libros<\/a>, <a href=\"https:\/\/www.heraldo.es\/tags\/temas\/musica.html\" title=\"M\u00fasica\" rel=\"nofollow noopener\" target=\"_blank\">m\u00fasica<\/a> o <a href=\"https:\/\/www.heraldo.es\/tags\/temas\/series_television.html\" title=\"Series de televisi\u00f3n\" rel=\"nofollow noopener\" target=\"_blank\">series<\/a>\u00a0en nuestro pa\u00eds.\u00a0Como apunta <b>Beatriz Barbero-Gil<\/b>, copropietaria de la librer\u00eda <b>El Armadillo Ilustrado<\/b> de <a href=\"https:\/\/www.heraldo.es\/tags\/lugares\/zaragoza.html\" title=\"Zaragoza\" rel=\"nofollow noopener\" target=\"_blank\">Zaragoza<\/a>, ahora mismo se le da m\u00e1s importancia a mover una obra por plataformas digitales que por canales de comunicaci\u00f3n tradicionales.<\/p>\n<p>            Conforme a los criterios de<br \/>\n            <a class=\"trustproject_img\" id=\"trustproject_img\" href=\"https:\/\/thetrustproject.org\/\" target=\"_blank\" rel=\"nofollow noopener\" aria-label=\"Trust Project\"><img decoding=\"async\" loading=\"lazy\" src=\"https:\/\/www.heraldo.es\/images\/Trust-Logo-Horizontal.svg\" alt=\"Logo Trust Project\" width=\"200\" height=\"34\"\/><\/a><\/p>\n<p>        <a href=\"https:\/\/www.henneo.com\/\" title=\"Grupo Henneo\" class=\"logo\" rel=\"nofollow noopener\" target=\"_blank\"><br \/>\n            <img decoding=\"async\" src=\"https:\/\/www.heraldo.es\/images\/logo_henneo_gris.svg\" alt=\"Logo Henneo\" width=\"559\" height=\"389\" loading=\"lazy\"\/><br \/>\n        <\/a><\/p>\n<p>\u00a9 HERALDO DE ARAGON EDITORA, S.L.U.<br \/>Tel\u00e9fono 976 765 000 \/ &#8211; P\u00ba. Independencia, 29, 50001 Zaragoza &#8211; CIF: B99288763 &#8211; Inscrita en el Registro Mercantil de Zaragoza al Tomo 3796, Libro 0, Folio 177, Secci\u00f3n 8, Hoja Z-50564<br \/>Queda prohibida toda reproducci\u00f3n sin permiso escrito de la empresa a los efectos del art\u00edculo 32.1, p\u00e1rrafo segundo, de la Ley de Propiedad Intelectual<\/p>\n<p>\n                P\u00ba Independencia, 29, 50001 Zaragoza<br \/> Tel\u00e9fono 976 765 000\n            <\/p>\n<p>                    Actualmente tu navegador no permite ejecutar JavaScript. Para poder disfrutar de nuestro contenido es necesario que lo permita.<br \/>\n                                        <img decoding=\"async\" loading=\"lazy\" alt=\"Heraldo logo\" src=\"https:\/\/dkumiip2e9ary.cloudfront.net\/xalok\/heraldo\/especiales\/hola-de-nuevo\/logo-heraldo.svg\" width=\"215\" height=\"43\"\/><\/p>\n","protected":false},"excerpt":{"rendered":"Las redes, el nuevo prescriptor cultural: Las redes, nuevo prescriptor cultural: \u00abLas editoriales han visto un fil\u00f3n en&hellip;\n","protected":false},"author":2,"featured_media":195611,"comment_status":"","ping_status":"","sticky":false,"template":"","format":"standard","meta":{"footnotes":""},"categories":[172],"tags":[224,209,146,147,25,24,225,185,1922,23,491],"class_list":{"0":"post-195610","1":"post","2":"type-post","3":"status-publish","4":"format-standard","5":"has-post-thumbnail","7":"category-libros","8":"tag-books","9":"tag-cultura","10":"tag-entertainment","11":"tag-entretenimiento","12":"tag-es","13":"tag-espana","14":"tag-libros","15":"tag-musica","16":"tag-redes-sociales","17":"tag-spain","18":"tag-zaragoza"},"share_on_mastodon":{"url":"https:\/\/pubeurope.com\/@es\/115422592296621487","error":""},"_links":{"self":[{"href":"https:\/\/www.europesays.com\/es\/wp-json\/wp\/v2\/posts\/195610","targetHints":{"allow":["GET"]}}],"collection":[{"href":"https:\/\/www.europesays.com\/es\/wp-json\/wp\/v2\/posts"}],"about":[{"href":"https:\/\/www.europesays.com\/es\/wp-json\/wp\/v2\/types\/post"}],"author":[{"embeddable":true,"href":"https:\/\/www.europesays.com\/es\/wp-json\/wp\/v2\/users\/2"}],"replies":[{"embeddable":true,"href":"https:\/\/www.europesays.com\/es\/wp-json\/wp\/v2\/comments?post=195610"}],"version-history":[{"count":0,"href":"https:\/\/www.europesays.com\/es\/wp-json\/wp\/v2\/posts\/195610\/revisions"}],"wp:featuredmedia":[{"embeddable":true,"href":"https:\/\/www.europesays.com\/es\/wp-json\/wp\/v2\/media\/195611"}],"wp:attachment":[{"href":"https:\/\/www.europesays.com\/es\/wp-json\/wp\/v2\/media?parent=195610"}],"wp:term":[{"taxonomy":"category","embeddable":true,"href":"https:\/\/www.europesays.com\/es\/wp-json\/wp\/v2\/categories?post=195610"},{"taxonomy":"post_tag","embeddable":true,"href":"https:\/\/www.europesays.com\/es\/wp-json\/wp\/v2\/tags?post=195610"}],"curies":[{"name":"wp","href":"https:\/\/api.w.org\/{rel}","templated":true}]}}