{"id":195618,"date":"2025-10-23T08:47:07","date_gmt":"2025-10-23T08:47:07","guid":{"rendered":"https:\/\/www.europesays.com\/es\/195618\/"},"modified":"2025-10-23T08:47:07","modified_gmt":"2025-10-23T08:47:07","slug":"shakira-celebra-los-aniversarios-de-sus-discos-pies-descalzos-y-fijacion-oral-con-ed-sheeran-cultura","status":"publish","type":"post","link":"https:\/\/www.europesays.com\/es\/195618\/","title":{"rendered":"Shakira celebra los aniversarios de sus discos \u2018Pies Descalzos\u2019 y \u2018Fijaci\u00f3n Oral\u2019 con Ed Sheeran | Cultura"},"content":{"rendered":"<p class=\"\">Se cumplen 30 a\u00f1os de la publicaci\u00f3n de Pies descalzos y 20 a\u00f1os de Fijaci\u00f3n oral, dos de los discos que marcaron <a href=\"https:\/\/www.instagram.com\/shakira\/\" target=\"_blank\" rel=\"noreferrer nofollow noopener\" title=\"https:\/\/www.instagram.com\/shakira\/\">la carrera de Shakira<\/a>. Para celebrarlo, la artista colombiana lanz\u00f3 la madrugada del jueves un EP con cinco canciones de los dos \u00e1lbumes, reversionadas en colaboraci\u00f3n con Spotify Anniversary, una iniciativa de la plataforma musical. Entre los temas elegidos est\u00e1 Hips Don\u2019t Lie, en este cumplea\u00f1os en colaboraci\u00f3n con <a href=\"https:\/\/www.instagram.com\/teddysphotos\/\" target=\"_blank\" rel=\"noreferrer nofollow noopener\" title=\"https:\/\/www.instagram.com\/teddysphotos\/\">Ed Sheeran<\/a> y el artista Be\u00e9le, tambi\u00e9n colombiano. \u201cSomos un tr\u00edo inesperado\u201d, comentan los dos artistas en un v\u00eddeo publicado por la cantante en su cuenta de Instagram.<\/p>\n<p class=\"\">En la publicaci\u00f3n en redes, Shakira ofrece un peque\u00f1o adelanto de la colaboraci\u00f3n con Sheeran, al que conoci\u00f3 en una gala del museo Met de Nueva York. De aquel d\u00eda, el artista brit\u00e1nico recuerda que acabaron la fiesta hasta las cinco de la ma\u00f1ana. \u201cT\u00fa eras la que la ibas buscando\u201d, le dice el autor de Shape of You. Para esta nueva versi\u00f3n, el cantante interpreta la parte que en 2005 hizo el rapero Wyclef Jean. \u201cNo me ve\u00eda haciendo de \u00e9l\u201d, confiesa.<\/p>\n<p>M\u00e1s informaci\u00f3n<\/p>\n<p class=\"\">Las otras cuatro canciones con las que celebra con sus fans estos dos aniversarios son Pies descalzos, Sue\u00f1os blancos, Antolog\u00eda, La pared y D\u00eda de enero. \u201cEstos dos \u00e1lbumes cambiaron todo para m\u00ed y para muchas otras personas\u201d, dice Shakira en Instagram. El primero, explica, \u201ces mucho m\u00e1s rock, como yo empec\u00e9, como una artista rock. Estaba enloquecida por las bandas de Seattle, del rock alternativo. Era lo que me inspiraba m\u00e1s\u201d. <\/p>\n<p class=\"\">Con Fijaci\u00f3n oral recuerda que se entreg\u00f3 a la fusi\u00f3n, en la que qued\u00f3 instalada para el resto de su carrera. \u201cTantos recuerdos y canciones que me formaron como artista y que hicieron parte del camino de la m\u00fasica latina en el mundo. Espero que les guste, \u00a1los quiero!\u201c, escribe. <\/p>\n<p class=\"\">Los dos discos superan las m\u00e1s de seis mil millones de reproducciones en todo el mundo, seg\u00fan datos de Spotify.<\/p>\n<p><script async src=\"\/\/www.instagram.com\/embed.js\"><\/script><\/p>\n","protected":false},"excerpt":{"rendered":"Se cumplen 30 a\u00f1os de la publicaci\u00f3n de Pies descalzos y 20 a\u00f1os de Fijaci\u00f3n oral, dos de&hellip;\n","protected":false},"author":2,"featured_media":195619,"comment_status":"","ping_status":"","sticky":false,"template":"","format":"standard","meta":{"footnotes":""},"categories":[91],"tags":[218,209,20062,3067,146,147,25,24,185,12504,23,1603],"class_list":{"0":"post-195618","1":"post","2":"type-post","3":"status-publish","4":"format-standard","5":"has-post-thumbnail","7":"category-entretenimiento","8":"tag-canciones","9":"tag-cultura","10":"tag-discos-musica","11":"tag-ed-sheeran","12":"tag-entertainment","13":"tag-entretenimiento","14":"tag-es","15":"tag-espana","16":"tag-musica","17":"tag-shakira","18":"tag-spain","19":"tag-spotify"},"share_on_mastodon":{"url":"https:\/\/pubeurope.com\/@es\/115422615805966408","error":""},"_links":{"self":[{"href":"https:\/\/www.europesays.com\/es\/wp-json\/wp\/v2\/posts\/195618","targetHints":{"allow":["GET"]}}],"collection":[{"href":"https:\/\/www.europesays.com\/es\/wp-json\/wp\/v2\/posts"}],"about":[{"href":"https:\/\/www.europesays.com\/es\/wp-json\/wp\/v2\/types\/post"}],"author":[{"embeddable":true,"href":"https:\/\/www.europesays.com\/es\/wp-json\/wp\/v2\/users\/2"}],"replies":[{"embeddable":true,"href":"https:\/\/www.europesays.com\/es\/wp-json\/wp\/v2\/comments?post=195618"}],"version-history":[{"count":0,"href":"https:\/\/www.europesays.com\/es\/wp-json\/wp\/v2\/posts\/195618\/revisions"}],"wp:featuredmedia":[{"embeddable":true,"href":"https:\/\/www.europesays.com\/es\/wp-json\/wp\/v2\/media\/195619"}],"wp:attachment":[{"href":"https:\/\/www.europesays.com\/es\/wp-json\/wp\/v2\/media?parent=195618"}],"wp:term":[{"taxonomy":"category","embeddable":true,"href":"https:\/\/www.europesays.com\/es\/wp-json\/wp\/v2\/categories?post=195618"},{"taxonomy":"post_tag","embeddable":true,"href":"https:\/\/www.europesays.com\/es\/wp-json\/wp\/v2\/tags?post=195618"}],"curies":[{"name":"wp","href":"https:\/\/api.w.org\/{rel}","templated":true}]}}