{"id":195624,"date":"2025-10-23T08:50:08","date_gmt":"2025-10-23T08:50:08","guid":{"rendered":"https:\/\/www.europesays.com\/es\/195624\/"},"modified":"2025-10-23T08:50:08","modified_gmt":"2025-10-23T08:50:08","slug":"simposio-en-la-gregoriana-sobre-san-john-henry-newman-y-su-actualidad","status":"publish","type":"post","link":"https:\/\/www.europesays.com\/es\/195624\/","title":{"rendered":"Simposio en la Gregoriana sobre san John Henry Newman y su actualidad"},"content":{"rendered":"<p>El pr\u00f3ximo 31 de octubre, en v\u00edsperas de la proclamaci\u00f3n del te\u00f3logo ingl\u00e9s como Doctor de la Iglesia por el Papa Le\u00f3n XIV, se organiza un simposio en la Pontificia Universidad Gregoriana, con la participaci\u00f3n de expertos de diversos pa\u00edses que analizar\u00e1n la relevancia de su figura y la profundidad de su pensamiento.<\/p>\n<p><b>Vatican News<\/b><\/p>\n<p>\u00abSan John Henry Newman. Doctor de la Iglesia Universal: Su relevancia en la actualidad\u00bb es el t\u00edtulo del simposio acad\u00e9mico que se celebrar\u00e1 en el Aula Magna de la Pontificia Universidad Gregoriana el 31 de octubre, en v\u00edsperas de la proclamaci\u00f3n del cardenal te\u00f3logo, que vivi\u00f3 en el siglo XIX, como Doctor de la Iglesia por Le\u00f3n XIV. Este t\u00edtulo, otorgado a uno de los m\u00e1s grandes pensadores cristianos modernos, se anunci\u00f3 el pasado mes de julio despu\u00e9s de que el Pont\u00edfice confirmara la opini\u00f3n de la asamblea plenaria de cardenales y obispos, miembros del Dicasterio para las Causas de los Santos.<\/p>\n<p>El d\u00eda antes de la celebraci\u00f3n en la Plaza de San Pedro, el Centro Internacional de Amigos de Newman, en colaboraci\u00f3n con la Facultad de Teolog\u00eda de la Pontificia Universidad Gregoriana, el Centro Nicola de la Universidad de Notre Dame y el Instituto Nacional de Estudios Newman (EE. UU.), organiza un simposio. Este simposio contar\u00e1 con ponencias de expertos en Newman de todo el mundo, quienes ilustrar\u00e1n la importancia y la relevancia del pensamiento del santo ingl\u00e9s.<\/p>\n<p>Dividida en cuatro sesiones, en ingl\u00e9s e italiano (con traducci\u00f3n simult\u00e1nea), la conferencia, programada de 9:00 a 18:30, contar\u00e1 con la participaci\u00f3n del cardenal Marcello Semeraro, Prefecto del Dicasterio para las Causas de los Santos. Los m\u00e1s de veinte ponentes analizar\u00e1n posteriormente la figura y la obra de san John Henry Newman a la luz de diversos temas como el desarrollo de la doctrina, la eclesiolog\u00eda, la sinodalidad, el ecumenismo y el di\u00e1logo interreligioso, la educaci\u00f3n, la predicaci\u00f3n y la nueva evangelizaci\u00f3n.<\/p>\n","protected":false},"excerpt":{"rendered":"El pr\u00f3ximo 31 de octubre, en v\u00edsperas de la proclamaci\u00f3n del te\u00f3logo ingl\u00e9s como Doctor de la Iglesia&hellip;\n","protected":false},"author":2,"featured_media":195625,"comment_status":"","ping_status":"","sticky":false,"template":"","format":"standard","meta":{"footnotes":""},"categories":[42],"tags":[17,18,11866,2507,13,14,11,61,62,63,64,19,20,9,10,15,16,400,10777,12,21,22,65,66,67],"class_list":{"0":"post-195624","1":"post","2":"type-post","3":"status-publish","4":"format-standard","5":"has-post-thumbnail","7":"category-internacional","8":"tag-breaking-news","9":"tag-breakingnews","10":"tag-congreso","11":"tag-escuela-y-universidad","12":"tag-featured-news","13":"tag-featurednews","14":"tag-headlines","15":"tag-internacional","16":"tag-international","17":"tag-international-news","18":"tag-internationalnews","19":"tag-latest-news","20":"tag-latestnews","21":"tag-news","22":"tag-noticias","23":"tag-noticias-destacadas","24":"tag-noticiasdestacadas","25":"tag-papa-leon-xiv","26":"tag-santos-y-beatos","27":"tag-titulares","28":"tag-ultimas-noticias","29":"tag-ultimasnoticias","30":"tag-world","31":"tag-world-news","32":"tag-worldnews"},"share_on_mastodon":{"url":"https:\/\/pubeurope.com\/@es\/115422627534325359","error":""},"_links":{"self":[{"href":"https:\/\/www.europesays.com\/es\/wp-json\/wp\/v2\/posts\/195624","targetHints":{"allow":["GET"]}}],"collection":[{"href":"https:\/\/www.europesays.com\/es\/wp-json\/wp\/v2\/posts"}],"about":[{"href":"https:\/\/www.europesays.com\/es\/wp-json\/wp\/v2\/types\/post"}],"author":[{"embeddable":true,"href":"https:\/\/www.europesays.com\/es\/wp-json\/wp\/v2\/users\/2"}],"replies":[{"embeddable":true,"href":"https:\/\/www.europesays.com\/es\/wp-json\/wp\/v2\/comments?post=195624"}],"version-history":[{"count":0,"href":"https:\/\/www.europesays.com\/es\/wp-json\/wp\/v2\/posts\/195624\/revisions"}],"wp:featuredmedia":[{"embeddable":true,"href":"https:\/\/www.europesays.com\/es\/wp-json\/wp\/v2\/media\/195625"}],"wp:attachment":[{"href":"https:\/\/www.europesays.com\/es\/wp-json\/wp\/v2\/media?parent=195624"}],"wp:term":[{"taxonomy":"category","embeddable":true,"href":"https:\/\/www.europesays.com\/es\/wp-json\/wp\/v2\/categories?post=195624"},{"taxonomy":"post_tag","embeddable":true,"href":"https:\/\/www.europesays.com\/es\/wp-json\/wp\/v2\/tags?post=195624"}],"curies":[{"name":"wp","href":"https:\/\/api.w.org\/{rel}","templated":true}]}}