{"id":195626,"date":"2025-10-23T08:51:11","date_gmt":"2025-10-23T08:51:11","guid":{"rendered":"https:\/\/www.europesays.com\/es\/195626\/"},"modified":"2025-10-23T08:51:11","modified_gmt":"2025-10-23T08:51:11","slug":"la-borrasca-benjamin-pone-en-aviso-a-14-comunidades-con-vientos-y-oleaje-de-riesgo-extremo-en-el-norte-el-tiempo-hoy-en-espana-y-en-el-mundo","status":"publish","type":"post","link":"https:\/\/www.europesays.com\/es\/195626\/","title":{"rendered":"La borrasca \u2018Benjam\u00edn\u2019 pone en aviso a 14 comunidades, con vientos y oleaje de riesgo extremo en el norte | El tiempo hoy en Espa\u00f1a y en el mundo"},"content":{"rendered":"<p class=\"\">El jueves amanece con avisos meteorol\u00f3gicos activos en 14 comunidades aut\u00f3nomas, <a href=\"https:\/\/www.aemet.es\/es\/eltiempo\/prediccion\/espana\" target=\"_blank\" rel=\"noreferrer nofollow noopener\" title=\"https:\/\/www.aemet.es\/es\/eltiempo\/prediccion\/espana\">seg\u00fan la Agencia Estatal de Meteorolog\u00eda (Aemet)<\/a>. Los niveles de alerta van del amarillo al rojo, con los m\u00e1s graves por viento y fen\u00f3menos costeros en Cantabria y el Pa\u00eds Vasco, que se prev\u00e9 se desactiven a las 11.00 y a mediod\u00eda, respectivamente. Los avisos naranjas ir\u00e1n desapareciendo a lo largo del d\u00eda, y los amarillos previstos hasta el viernes quedar\u00e1n desactivados tambi\u00e9n a primera hora de ma\u00f1ana.<\/p>\n<p class=\"\">La situaci\u00f3n est\u00e1 provocada por la <a href=\"https:\/\/elpais.com\/el-tiempo\/2025-10-22\/la-aemet-preve-la-llegada-de-la-borrasca-benjamin-que-provocara-vientos-muy-fuertes-en-amplias-zonas-de-la-peninsula-e-inestabilidad-en-el-norte.html\" target=\"_blank\" rel=\"noreferrer nofollow noopener\" title=\"https:\/\/elpais.com\/el-tiempo\/2025-10-22\/la-aemet-preve-la-llegada-de-la-borrasca-benjamin-que-provocara-vientos-muy-fuertes-en-amplias-zonas-de-la-peninsula-e-inestabilidad-en-el-norte.html\">llegada de la borrasca Benjam\u00edn<\/a>, nombrada por el servicio meteorol\u00f3gico franc\u00e9s. Es la segunda borrasca con nombre propio desde que <a href=\"https:\/\/elpais.com\/el-tiempo\/2025-10-06\/la-aemet-pondra-nombre-propio-a-las-danas-mas-adversas-la-primera-sera-alice.html\" target=\"_blank\" rel=\"noreferrer nofollow noopener\" title=\"https:\/\/elpais.com\/el-tiempo\/2025-10-06\/la-aemet-pondra-nombre-propio-a-las-danas-mas-adversas-la-primera-sera-alice.html\">la Aemet anunci\u00f3 a comienzos de mes que adoptar\u00eda esta medida<\/a>. Su paso por la Pen\u00ednsula activa avisos en 34 provincias, con especial impacto en el norte.<\/p>\n<p class=\"\">Benjam\u00edn trae consigo un frente fr\u00edo que recorrer\u00e1 gran parte del territorio, dejando cielos nubosos o cubiertos y precipitaciones durante la primera mitad del d\u00eda, especialmente en la mitad norte y el entorno de la meseta Sur, estima la Aemet. A medida que avance la jornada, se abrir\u00e1n claros en muchas zonas, salvo en el extremo norte y oeste peninsular, donde las lluvias continuar\u00e1n de forma ocasional.<\/p>\n<p class=\"\">En Galicia, las precipitaciones podr\u00e1n ser persistentes y localmente fuertes, con posibilidad de tormentas en el noroeste y Cant\u00e1brico. Tambi\u00e9n se prev\u00e9n lluvias intensas en los litorales del Pa\u00eds Vasco y el norte de Navarra. En el Pirineo, podr\u00edan caer algunos copos de nieve a partir de los 1.600-2.000 metros de altitud.<\/p>\n<blockquote class=\"twitter-tweet\">\n<p lang=\"es\" dir=\"ltr\">\ud83c\udf2c En las \u00faltimas horas se han registrado rachas huracanadas de viento en puntos de costa o de alta monta\u00f1a.<\/p>\n<p>\u27a1\ufe0f Seguira soplando con intensidad en amplias zonas del norte y este de la Pen\u00ednsula y en Baleares.<\/p>\n<p>\u27a1\ufe0f Temporal mar\u00edtimo en el norte: las olas pueden superar 8 metros. <a href=\"https:\/\/t.co\/feQDdaLPLD\" rel=\"nofollow\">pic.twitter.com\/feQDdaLPLD<\/a><\/p>\n<p>\u2014 AEMET (@AEMET_Esp) <a href=\"https:\/\/twitter.com\/AEMET_Esp\/status\/1981263352182546630?ref_src=twsrc%5Etfw\" rel=\"nofollow noopener\" target=\"_blank\">October 23, 2025<\/a><\/p><\/blockquote>\n<p class=\"\">La agencia de meteorolog\u00eda indica que el tiempo ser\u00e1 m\u00e1s estable en las islas. En Baleares y el norte de Canarias se esperan intervalos nubosos, mientras que en el sur del archipi\u00e9lago predominar\u00e1n los cielos despejados. Habr\u00e1 nieblas matinales en Galicia, el Estrecho y en entornos de monta\u00f1a, adem\u00e1s de brumas frontales en el cuadrante noroeste.<\/p>\n<p class=\"\">Las temperaturas m\u00e1ximas bajar\u00e1n en la mayor\u00eda del norte peninsular, con descensos m\u00e1s marcados en el Cant\u00e1brico, y aumentar\u00e1n ligeramente en el sur y en el litoral mediterr\u00e1neo. Las m\u00ednimas tambi\u00e9n caer\u00e1n en Baleares y en el norte, de forma notable en el interior, y se registrar\u00e1n al final del d\u00eda. Se esperan heladas d\u00e9biles en el Pirineo.<\/p>\n<p class=\"\">El viento de componente oeste soplar\u00e1 con fuerza en buena parte de la Pen\u00ednsula y Baleares, con rachas muy fuertes en el norte, el este y las islas. En Ampurd\u00e1n y el norte de Baleares se establecer\u00e1 la tramontana, mientras que en el extremo suroeste peninsular los vientos ser\u00e1n m\u00e1s flojos. En Canarias, predominar\u00e1 el viento del norte, de d\u00e9bil a moderado.<\/p>\n<p><script async src=\"https:\/\/platform.twitter.com\/widgets.js\" charset=\"utf-8\"><\/script><\/p>\n","protected":false},"excerpt":{"rendered":"El jueves amanece con avisos meteorol\u00f3gicos activos en 14 comunidades aut\u00f3nomas, seg\u00fan la Agencia Estatal de Meteorolog\u00eda (Aemet).&hellip;\n","protected":false},"author":2,"featured_media":195627,"comment_status":"","ping_status":"","sticky":false,"template":"","format":"standard","meta":{"footnotes":""},"categories":[8],"tags":[2980,17,18,1295,21273,13193,25,24,13,14,11,19,20,11347,9,10,15,16,44505,23,6195,13191,18681,12,21,22],"class_list":{"0":"post-195626","1":"post","2":"type-post","3":"status-publish","4":"format-standard","5":"has-post-thumbnail","7":"category-espana","8":"tag-aemet","9":"tag-breaking-news","10":"tag-breakingnews","11":"tag-cambio-climatico","12":"tag-climas","13":"tag-el-tiempo","14":"tag-es","15":"tag-espana","16":"tag-featured-news","17":"tag-featurednews","18":"tag-headlines","19":"tag-latest-news","20":"tag-latestnews","21":"tag-meteorologia","22":"tag-news","23":"tag-noticias","24":"tag-noticias-destacadas","25":"tag-noticiasdestacadas","26":"tag-prediccion-meteorologica","27":"tag-spain","28":"tag-temperaturas","29":"tag-temperaturas-maximas","30":"tag-temperaturas-minimas","31":"tag-titulares","32":"tag-ultimas-noticias","33":"tag-ultimasnoticias"},"share_on_mastodon":{"url":"","error":"Validation failed: Text character limit of 500 exceeded"},"_links":{"self":[{"href":"https:\/\/www.europesays.com\/es\/wp-json\/wp\/v2\/posts\/195626","targetHints":{"allow":["GET"]}}],"collection":[{"href":"https:\/\/www.europesays.com\/es\/wp-json\/wp\/v2\/posts"}],"about":[{"href":"https:\/\/www.europesays.com\/es\/wp-json\/wp\/v2\/types\/post"}],"author":[{"embeddable":true,"href":"https:\/\/www.europesays.com\/es\/wp-json\/wp\/v2\/users\/2"}],"replies":[{"embeddable":true,"href":"https:\/\/www.europesays.com\/es\/wp-json\/wp\/v2\/comments?post=195626"}],"version-history":[{"count":0,"href":"https:\/\/www.europesays.com\/es\/wp-json\/wp\/v2\/posts\/195626\/revisions"}],"wp:featuredmedia":[{"embeddable":true,"href":"https:\/\/www.europesays.com\/es\/wp-json\/wp\/v2\/media\/195627"}],"wp:attachment":[{"href":"https:\/\/www.europesays.com\/es\/wp-json\/wp\/v2\/media?parent=195626"}],"wp:term":[{"taxonomy":"category","embeddable":true,"href":"https:\/\/www.europesays.com\/es\/wp-json\/wp\/v2\/categories?post=195626"},{"taxonomy":"post_tag","embeddable":true,"href":"https:\/\/www.europesays.com\/es\/wp-json\/wp\/v2\/tags?post=195626"}],"curies":[{"name":"wp","href":"https:\/\/api.w.org\/{rel}","templated":true}]}}