{"id":195631,"date":"2025-10-23T08:54:08","date_gmt":"2025-10-23T08:54:08","guid":{"rendered":"https:\/\/www.europesays.com\/es\/195631\/"},"modified":"2025-10-23T08:54:08","modified_gmt":"2025-10-23T08:54:08","slug":"los-premios-proguadatauro-ya-tienen-fecha-para-su-edicion-de-2025-nuevaalcarria","status":"publish","type":"post","link":"https:\/\/www.europesays.com\/es\/195631\/","title":{"rendered":"Los premios ProGuadatauro ya tienen fecha para su edici\u00f3n de 2025 | NuevaAlcarria"},"content":{"rendered":"<p>Los premios Proguadatauro 2025 se celebrar\u00e1n el pr\u00f3ximo s\u00e1bado, 24 de enero de 2026, en el Teatro Auditorio Buero Vallejo de Guadalajara.<\/p>\n<p>Como viene siendo habitual, esta nueva edici\u00f3n reconocer\u00e1 los m\u00e9ritos a los triunfadores de la temporada pasada 2025, que terminar\u00e1 en el mes de noviembre.<\/p>\n<p>Durante la ceremonia, adem\u00e1s de entregar los galardones, tambi\u00e9n se podr\u00e1 disfrutar de diferentes actuaciones de m\u00fasica, baile o acrobacias en directo en una cuidada puesta en escena.<\/p>\n<p>Estos premios reconocer\u00e1n la labora de ayuntamientos, comisiones de fiestas, empresas o profesionales taurinos que hayan destacado por su apuesta firme y decidida durante la temporada actual.<\/p>\n<p>La organizaci\u00f3n ha hecho oficial el cartel anunciar a trav\u00e9s de los canales de informaci\u00f3n oficiales: una obra del autor, Jos\u00e9 Luis Condado, que representa la \u201ctotalidad\u201d de los festejos taurinos.<\/p>\n<p>El toro como gran protagonista. Los corredores como representaci\u00f3n del festejo popular, adem\u00e1s del faj\u00edn morado como se\u00f1a de identidad de los encierros de Guadalajara.<\/p>\n<p>Y por \u00faltimo el capote y traje de luces como representaci\u00f3n del toreo a pie y del festejo mayor.<\/p>\n<p>As\u00ed lo ha explicado la organizaci\u00f3n en las redes sociales junto con la imagen del cartel, donde adem\u00e1s cuenta con el apoyo del ayuntamiento de Guadalajara, diputaci\u00f3n provincial, Hotel AC de la capital y Tecnorete en una clara apuesta por las tradiciones y la identidad de la provincia.<\/p>\n","protected":false},"excerpt":{"rendered":"Los premios Proguadatauro 2025 se celebrar\u00e1n el pr\u00f3ximo s\u00e1bado, 24 de enero de 2026, en el Teatro Auditorio&hellip;\n","protected":false},"author":2,"featured_media":195632,"comment_status":"","ping_status":"","sticky":false,"template":"","format":"standard","meta":{"footnotes":""},"categories":[277],"tags":[442,39995,54282,373,168,39996,25,24,39994,439,441,443,1227,440,54283,54281,23,167,374,39993],"class_list":{"0":"post-195631","1":"post","2":"type-post","3":"status-publish","4":"format-standard","5":"has-post-thumbnail","7":"category-toreo","8":"tag-actualidad-guadalajara","9":"tag-actualidad-taurina","10":"tag-buero-vallejo-guadalajara","11":"tag-bullfighting","12":"tag-deportes","13":"tag-encierros-guadalajara","14":"tag-es","15":"tag-espana","16":"tag-feria-taurina-guadalajara","17":"tag-guadalajara","18":"tag-informacion-guadalajara","19":"tag-noticias-guadalajara","20":"tag-noticias-taurinas","21":"tag-nueva-alcarria","22":"tag-premios-proguadatauro","23":"tag-premios-toros-guadalajara","24":"tag-spain","25":"tag-sports","26":"tag-toreo","27":"tag-toros-guadalajara"},"share_on_mastodon":{"url":"https:\/\/pubeurope.com\/@es\/115422643038534585","error":""},"_links":{"self":[{"href":"https:\/\/www.europesays.com\/es\/wp-json\/wp\/v2\/posts\/195631","targetHints":{"allow":["GET"]}}],"collection":[{"href":"https:\/\/www.europesays.com\/es\/wp-json\/wp\/v2\/posts"}],"about":[{"href":"https:\/\/www.europesays.com\/es\/wp-json\/wp\/v2\/types\/post"}],"author":[{"embeddable":true,"href":"https:\/\/www.europesays.com\/es\/wp-json\/wp\/v2\/users\/2"}],"replies":[{"embeddable":true,"href":"https:\/\/www.europesays.com\/es\/wp-json\/wp\/v2\/comments?post=195631"}],"version-history":[{"count":0,"href":"https:\/\/www.europesays.com\/es\/wp-json\/wp\/v2\/posts\/195631\/revisions"}],"wp:featuredmedia":[{"embeddable":true,"href":"https:\/\/www.europesays.com\/es\/wp-json\/wp\/v2\/media\/195632"}],"wp:attachment":[{"href":"https:\/\/www.europesays.com\/es\/wp-json\/wp\/v2\/media?parent=195631"}],"wp:term":[{"taxonomy":"category","embeddable":true,"href":"https:\/\/www.europesays.com\/es\/wp-json\/wp\/v2\/categories?post=195631"},{"taxonomy":"post_tag","embeddable":true,"href":"https:\/\/www.europesays.com\/es\/wp-json\/wp\/v2\/tags?post=195631"}],"curies":[{"name":"wp","href":"https:\/\/api.w.org\/{rel}","templated":true}]}}