{"id":195637,"date":"2025-10-23T08:59:08","date_gmt":"2025-10-23T08:59:08","guid":{"rendered":"https:\/\/www.europesays.com\/es\/195637\/"},"modified":"2025-10-23T08:59:08","modified_gmt":"2025-10-23T08:59:08","slug":"antonio-fuoco-al-volante-de-una-ferrari-en-mexico","status":"publish","type":"post","link":"https:\/\/www.europesays.com\/es\/195637\/","title":{"rendered":"Antonio Fuoco al Volante de una Ferrari en M\u00e9xico"},"content":{"rendered":"<p>                    Vuelve el tricolor al volante de un Ferrari. Antonio Fuoco, piloto italiano clase 1996, estar\u00e1 en pista en las primeras pruebas libres del GP de F1 en Ciudad de M\u00e9xico. El italiano sustituir\u00e1 a Lewis Hamilton al volante del SF-25. El piloto de Cariati, involucrado en el campeonato mundial de resistencia con el Hypercar de la Scuderia Ferrari y ganador de las 24 Horas de Le Mans 2024, ser\u00e1 el primer italiano en conducir un Ferrari 16 a\u00f1os despu\u00e9s de Luca Badoer y Giancarlo Fisichella, quienes sustituyeron al brasile\u00f1o Felipe Massa tras el grave accidente en el Hungaroring. En el pasado, Fuoco ha participado en sesiones de prueba de F1 para la Scuderia, incluyendo una aparici\u00f3n en las pruebas de fin de temporada del a\u00f1o pasado en Abu Dhabi. Fuoco ha sido elegido por Ferrari para disputar una de las cuatro sesiones de la temporada destinadas a los novatos, como lo exige el reglamento.                    <\/p>\n<p>&#13;<br \/>\n                                \u00a9 TODOS LOS DERECHOS RESERVADOS <br \/>&#13;<br \/>\n                                Este art\u00edculo se traduce autom\u00e1ticamente                            <\/p>\n","protected":false},"excerpt":{"rendered":"Vuelve el tricolor al volante de un Ferrari. Antonio Fuoco, piloto italiano clase 1996, estar\u00e1 en pista en&hellip;\n","protected":false},"author":2,"featured_media":195638,"comment_status":"","ping_status":"","sticky":false,"template":"","format":"standard","meta":{"footnotes":""},"categories":[270],"tags":[168,25,24,306,271,272,23,167],"class_list":{"0":"post-195637","1":"post","2":"type-post","3":"status-publish","4":"format-standard","5":"has-post-thumbnail","7":"category-formula-1","8":"tag-deportes","9":"tag-es","10":"tag-espana","11":"tag-f1","12":"tag-formula-1","13":"tag-formula1","14":"tag-spain","15":"tag-sports"},"share_on_mastodon":{"url":"https:\/\/pubeurope.com\/@es\/115422662803915408","error":""},"_links":{"self":[{"href":"https:\/\/www.europesays.com\/es\/wp-json\/wp\/v2\/posts\/195637","targetHints":{"allow":["GET"]}}],"collection":[{"href":"https:\/\/www.europesays.com\/es\/wp-json\/wp\/v2\/posts"}],"about":[{"href":"https:\/\/www.europesays.com\/es\/wp-json\/wp\/v2\/types\/post"}],"author":[{"embeddable":true,"href":"https:\/\/www.europesays.com\/es\/wp-json\/wp\/v2\/users\/2"}],"replies":[{"embeddable":true,"href":"https:\/\/www.europesays.com\/es\/wp-json\/wp\/v2\/comments?post=195637"}],"version-history":[{"count":0,"href":"https:\/\/www.europesays.com\/es\/wp-json\/wp\/v2\/posts\/195637\/revisions"}],"wp:featuredmedia":[{"embeddable":true,"href":"https:\/\/www.europesays.com\/es\/wp-json\/wp\/v2\/media\/195638"}],"wp:attachment":[{"href":"https:\/\/www.europesays.com\/es\/wp-json\/wp\/v2\/media?parent=195637"}],"wp:term":[{"taxonomy":"category","embeddable":true,"href":"https:\/\/www.europesays.com\/es\/wp-json\/wp\/v2\/categories?post=195637"},{"taxonomy":"post_tag","embeddable":true,"href":"https:\/\/www.europesays.com\/es\/wp-json\/wp\/v2\/tags?post=195637"}],"curies":[{"name":"wp","href":"https:\/\/api.w.org\/{rel}","templated":true}]}}