{"id":195647,"date":"2025-10-23T09:04:21","date_gmt":"2025-10-23T09:04:21","guid":{"rendered":"https:\/\/www.europesays.com\/es\/195647\/"},"modified":"2025-10-23T09:04:21","modified_gmt":"2025-10-23T09:04:21","slug":"feria-del-libro-cordoba-almudena-grandes-se-aparece-en-la-feria-del-libro-de-cordoba","status":"publish","type":"post","link":"https:\/\/www.europesays.com\/es\/195647\/","title":{"rendered":"FERIA DEL LIBRO C\u00d3RDOBA | Almudena Grandes &#8216;se aparece&#8217; en la Feria del Libro de C\u00f3rdoba"},"content":{"rendered":"<p class=\"ft-text\"><a class=\"ft-link ft-link--decoration\" href=\"https:\/\/www.diariocordoba.com\/tags\/almudena-grandes\/\" rel=\"nofollow noopener\" target=\"_blank\">Almudena Grandes<\/a> lo volvi\u00f3 a hacer. La <a class=\"ft-link ft-link--decoration\" href=\"https:\/\/www.diariocordoba.com\/tags\/feria-del-libro\/\" rel=\"nofollow noopener\" target=\"_blank\">Feria del Libro<\/a> de<a class=\"ft-link ft-link--decoration\" href=\"https:\/\/www.diariocordoba.com\/local\/\" rel=\"nofollow noopener\" target=\"_blank\"> C\u00f3rdoba<\/a> recibi\u00f3 ayer una visita p\u00f3stuma de la autora. Por supuesto, no fue en forma de fantasma o esp\u00edritu sino a trav\u00e9s de un \u00abmensaje en una botella\u00bb enviado por dos de sus amigos, que en el caso de la escritora madrile\u00f1a parece que fueron legi\u00f3n y que, desde que falleci\u00f3 en 2021<strong> no han dejado de rendirle homenaje<\/strong>, de todas las formas posibles. No recuerdo si alguna vez estuvo en vida en la feria, pero el a\u00f1o pasado se apareci\u00f3 en C\u00f3rdoba de la mano de<strong> Aroa Moreno<\/strong> y la ilustradora <strong>Ana Jar\u00e9n<\/strong>, que presentaron Almudena. Una biograf\u00eda, y este a\u00f1o lo ha hecho de nuevo con el amigo y escritor<strong> Rafael Reig<\/strong>, autor de<strong> Lo que s\u00e9 de Almudena<\/strong>, y la cineasta<strong> Azucena Rodr\u00edguez, <\/strong>que comparti\u00f3 charla con Reig antes de asistir a la proyecci\u00f3n de su documental dedicado, <strong>Almudena. <\/strong><\/p>\n<p class=\"ft-text\">Ante un p\u00fablico muy reducido, el amigo desembuch\u00f3 los motivos por los que se decidi\u00f3 a escribir \u00ablo poco\u00bb que dijo saber de su amiga en un volumen <strong>\u00abque no es m\u00e1s que un libro, ni novela ni biograf\u00eda\u00bb,<\/strong> aclar\u00f3. Lo escribi\u00f3 por el deseo de librarse del<strong> sentimiento de culpa \u00abque siempre nos queda a los que vemos morir <\/strong>a un ser querido, quiz\u00e1s porque nosotros seguimos aqu\u00ed\u00bb, y la necesidad de responder a una deuda inesperada fruto de las palabras que ella le dedic\u00f3 en el libro p\u00f3stumo que public\u00f3 su marido, Luis Garc\u00eda Montero. \u00abEste libro<strong> trata de Almudena, pero sobre todo, est\u00e1 dirigido a ella<\/strong>\u00bb, confes\u00f3 en un parlamento entrecortado y t\u00edmido, muy modesto sobre el contenido reflexivo, pero \u00abcorto\u00bb y casi anecd\u00f3tico del volumen, en el que pareci\u00f3 no querer animar a nadie a su lectura, m\u00e1s bien todo lo contrario. Quiz\u00e1s sea esta una nueva t\u00e9cnica de marketing, la de quitarse m\u00e9rito o valor en p\u00fablico.<\/p>\n<p>Vivencias y lecturas compartidas<\/p>\n<p class=\"ft-text\">Reig confes\u00f3 que Almudena lo ense\u00f1\u00f3 a vivir<strong> \u00absiendo como era ella, partidaria de la felicidad\u00bb<\/strong> y le demostr\u00f3 que \u00abcualquier vida se puede convertir en una aventura si se sabe contar bien\u00bb. Juntos compartieron muchas <strong>horas de conversaci\u00f3n sobre sus lecturas compartidas<\/strong> y, seg\u00fan relata en su obra, hasta se disfrazaron de Don Quijote y Sancho para una funci\u00f3n del colegio de los ni\u00f1os. En aquella representaci\u00f3n infantil, ella hizo de <strong>Don Quijote <\/strong>y \u00e9l de<strong> Sancho<\/strong>, un papel de amigo fiel y leal que volvi\u00f3 a representar en la Feria del Libro. El escritor sac\u00f3 tambi\u00e9n su lanza de caballero andante tambi\u00e9n para defender el legado de la escritora y asegurar que <strong>\u00abla literatura espa\u00f1ola no ha sabido a\u00fan colocarla en el lugar que merece\u00bb.<\/strong> Seg\u00fan sus palabras, \u00aba Almudena se la ha querido mucho porque ella quer\u00eda a todo el mundo, eso es f\u00e1cil, <strong>se le ha reconocido su \u00e9xito de ventas, pero no las aportaciones que ha realizado a la literatura espa\u00f1ola<\/strong>, entre ellas, la recuperaci\u00f3n del<strong> lenguaje llano<\/strong> que desde P\u00e9rez Gald\u00f3s se hab\u00eda perdido en Espa\u00f1a y se hizo visible por primera vez en Las edades de Lul\u00fa, la escritura pionera de novelas de mujeres, aunque hubiera tambi\u00e9n hombres -apostill\u00f3- y<strong> la invenci\u00f3n de la novela de memoria hist\u00f3rica espa\u00f1ola<\/strong>, por m\u00e1s que ahora lo haga todo el mundo\u00bb.<\/p>\n<p class=\"ft-text\">El sentido homenaje de los amigos de la Grandes fue apostillado despu\u00e9s en la Filmoteca con la proyecci\u00f3n del documental que lleva su nombre, a secas, Almudena. Un retrato \u00edntimo de la escritora, la madre, la amiga de la paella de los domingos y la aficionada del Atl\u00e9tic que permite entender a quien no la conoci\u00f3 m\u00e1s que por sus libros los motivos<strong> por quienes la conocieron no se han olvidado de ella<\/strong>.<\/p>\n<p><img decoding=\"async\" src=\"https:\/\/www.europesays.com\/es\/wp-content\/uploads\/2025\/10\/9f1687aa-2122-4a26-8fb0-bf6568d045e4_alta-libre-aspect-ratio_default_0.jpg\" width=\"1200\" height=\"800\" alt=\"Feria del Libro. Mesa Redonda: Sin callos en el alma. Literatura por profesionales de la Veterinaria. Alba Gal\u00e1n, Blanca Montoya, Juan Pascual, Katy G\u00f3mez, Mar\u00eda S\u00e1nchez Presenta: Antonio Villatoro\" class=\"ft-helper-img-rd\" loading=\"lazy\" hasdataaida=\"true\"\/><\/p>\n<p class=\"ft-helper-fontColor-quaternary ft-helper-fontSize-body-S ft-helper-spacer-t-xxs\">Autores presentes en el encuentro literario &#8216;Sin callos en el alma&#8217;.  \/ Manuel Murillo<\/p>\n<p class=\"ft-text\">La Feria del Libro acogi\u00f3 adem\u00e1s un evento novedoso y original, de marcado sello cordob\u00e9s, protagonizado por <strong>veterinarios que adem\u00e1s escriben o escritores que trabajan como veterinarios<\/strong>. El Aula de Proyecci\u00f3n Social y Cultural de la Universidad de C\u00f3rdoba y la Real Academia de Ciencias Veterinarias de Andaluc\u00eda Oriental organiz\u00f3 el encuentro literario <strong>Sin callos en el alma<\/strong>, en el que participaron <strong>Alba Gal\u00e1n Rodr\u00edguez, Mar\u00eda S\u00e1nchez Rodr\u00edguez, Katy G\u00f3mez Catalina, Juan Pascual Beitia, Antonio Villatorio, Blanca Montoya<\/strong> y, a trav\u00e9s de un v\u00eddeo, <strong>Gonzalo Gin\u00e9s<\/strong>. Todos ellos tienen en com\u00fan el hecho de compartir profesi\u00f3n, la de veterinarios, y una pasi\u00f3n, la de la escritura.<\/p>\n<p><img decoding=\"async\" src=\"https:\/\/www.europesays.com\/es\/wp-content\/uploads\/2025\/10\/16610a63-84e8-4d50-8b34-ad267596b5ba_alta-libre-aspect-ratio_default_0.jpg\" width=\"1200\" height=\"800\" alt=\"Feria del Libro. Mesa Redonda: Sin callos en el alma. Literatura por profesionales de la Veterinaria. Alba Gal\u00e1n, Blanca Montoya, Juan Pascual, Katy G\u00f3mez, Mar\u00eda S\u00e1nchez Presenta: Antonio Villatoro\" class=\"ft-helper-img-rd\" loading=\"lazy\" hasdataaida=\"true\"\/><\/p>\n<p class=\"ft-helper-fontColor-quaternary ft-helper-fontSize-body-S ft-helper-spacer-t-xxs\">P\u00fablico asistente al acto organizado por el Aula Social y Cultural de la facultad de Veterinaria.  \/ Manuel Murillo<\/p>\n<p class=\"ft-text\">En el elenco elegido, hab\u00eda poetas, novelistas y divulgadores cient\u00edficos que sirvieron de ejemplo e inspiraci\u00f3n al alumnado de la facultad de Veterinaria de C\u00f3rdoba. Seg\u00fan <strong>Evangelina Rodero<\/strong>, coordinadora del Aula Social y Cultural en este \u00e1mbito, <strong>\u00abquer\u00edamos dar al estudiantado referentes para que vean que letras y ciencias no est\u00e1n re\u00f1idas <\/strong>y que se animen a desarrollar su parte creativa\u00bb. Seguro que tomaron nota.<\/p>\n","protected":false},"excerpt":{"rendered":"Almudena Grandes lo volvi\u00f3 a hacer. La Feria del Libro de C\u00f3rdoba recibi\u00f3 ayer una visita p\u00f3stuma de&hellip;\n","protected":false},"author":2,"featured_media":195648,"comment_status":"","ping_status":"","sticky":false,"template":"","format":"standard","meta":{"footnotes":""},"categories":[172],"tags":[15099,54286,12335,224,146,147,25,24,54287,599,5780,4645,1496,225,23],"class_list":{"0":"post-195647","1":"post","2":"type-post","3":"status-publish","4":"format-standard","5":"has-post-thumbnail","7":"category-libros","8":"tag-almudena","9":"tag-almudena-grandes","10":"tag-aparece","11":"tag-books","12":"tag-entertainment","13":"tag-entretenimiento","14":"tag-es","15":"tag-espana","16":"tag-facultad-de-veterinaria","17":"tag-feria","18":"tag-feria-del-libro","19":"tag-grandes","20":"tag-libro","21":"tag-libros","22":"tag-spain"},"share_on_mastodon":{"url":"https:\/\/pubeurope.com\/@es\/115422682715966225","error":""},"_links":{"self":[{"href":"https:\/\/www.europesays.com\/es\/wp-json\/wp\/v2\/posts\/195647","targetHints":{"allow":["GET"]}}],"collection":[{"href":"https:\/\/www.europesays.com\/es\/wp-json\/wp\/v2\/posts"}],"about":[{"href":"https:\/\/www.europesays.com\/es\/wp-json\/wp\/v2\/types\/post"}],"author":[{"embeddable":true,"href":"https:\/\/www.europesays.com\/es\/wp-json\/wp\/v2\/users\/2"}],"replies":[{"embeddable":true,"href":"https:\/\/www.europesays.com\/es\/wp-json\/wp\/v2\/comments?post=195647"}],"version-history":[{"count":0,"href":"https:\/\/www.europesays.com\/es\/wp-json\/wp\/v2\/posts\/195647\/revisions"}],"wp:featuredmedia":[{"embeddable":true,"href":"https:\/\/www.europesays.com\/es\/wp-json\/wp\/v2\/media\/195648"}],"wp:attachment":[{"href":"https:\/\/www.europesays.com\/es\/wp-json\/wp\/v2\/media?parent=195647"}],"wp:term":[{"taxonomy":"category","embeddable":true,"href":"https:\/\/www.europesays.com\/es\/wp-json\/wp\/v2\/categories?post=195647"},{"taxonomy":"post_tag","embeddable":true,"href":"https:\/\/www.europesays.com\/es\/wp-json\/wp\/v2\/tags?post=195647"}],"curies":[{"name":"wp","href":"https:\/\/api.w.org\/{rel}","templated":true}]}}