{"id":195665,"date":"2025-10-23T09:14:07","date_gmt":"2025-10-23T09:14:07","guid":{"rendered":"https:\/\/www.europesays.com\/es\/195665\/"},"modified":"2025-10-23T09:14:07","modified_gmt":"2025-10-23T09:14:07","slug":"la-audiencia-ordena-que-la-periodista-que-comio-con-mazon-durante-la-dana-declare-en-el-juicio","status":"publish","type":"post","link":"https:\/\/www.europesays.com\/es\/195665\/","title":{"rendered":"La Audiencia ordena que la periodista que comi\u00f3 con Maz\u00f3n durante la DANA declare en el juicio"},"content":{"rendered":"<p>\n         Publicado<br \/>\n            23\/10\/2025 &#8211; 11:00 CEST\n            <\/p>\n<p>La decisi\u00f3n de la Audiencia de Valencia supone un giro en la investigaci\u00f3n judicial sobre <a href=\"https:\/\/es.euronews.com\/2024\/10\/30\/varios-desaparecidos-en-espana-por-la-dana-que-deja-un-rastro-de-destruccion-en-varias-loc\" rel=\"nofollow noopener\" target=\"_blank\">la gesti\u00f3n de la DANA<\/a>. En mayo, la jueza de Catarroja Nuria Ruiz hab\u00eda rechazado citar a <strong>Maribel Vilaplana como testigo<\/strong>, argumentando que su declaraci\u00f3n \u00abdesplazaba sustancialmente\u00bb el objeto de la investigaci\u00f3n hacia la actuaci\u00f3n del presidente valenciano. La magistrada consideraba entonces que, al tratarse de un aforado que no es parte del procedimiento, indagar sobre la localizaci\u00f3n y <a href=\"https:\/\/es.euronews.com\/my-europe\/2024\/11\/09\/mazon-comio-con-una-periodista-el-dia-de-la-dana-y-no-llego-a-su-despacho-hasta-pasadas-la\" rel=\"nofollow noopener\" target=\"_blank\">actuaci\u00f3n de Maz\u00f3n<\/a> durante ese d\u00eda exced\u00eda el \u00e1mbito de la causa.<\/p>\n<p>Sin embargo, el tribunal superior ha estimado ahora el recurso presentado por una acusaci\u00f3n particular, determinando que <strong>la periodista puede \u00abaportar informaci\u00f3n relevante\u00bb sobre el proceso de toma de decisiones<\/strong> durante las horas m\u00e1s cr\u00edticas de la tragedia que asol\u00f3 la provincia valenciana.<\/p>\n<p>La carta que cambi\u00f3 el rumbo de la investigaci\u00f3n<\/p>\n<p>El factor determinante para el cambio de criterio ha sido la carta que la propia Vilaplana difundi\u00f3 en septiembre, documento que fue incorporado al procedimiento judicial. En esa misiva de tres p\u00e1ginas, la periodista romp\u00eda su silencio sobre aquella <strong>comida en el restaurante El Ventorro<\/strong> y ofrec\u00eda detalles sobre el comportamiento del presidente de la Generalitat durante el encuentro.<\/p>\n<p>Seg\u00fan relat\u00f3 Vilaplana, <strong>Maz\u00f3n \u00abno le traslad\u00f3 ninguna inquietud\u00bb durante el almuerzo<\/strong>, a pesar de que se produjera en plenas horas cr\u00edticas de las inundaciones. \u00abEn un momento de la comida, el presidente <strong>empez\u00f3 a recibir llamadas que interrumpieron nuestra conversaci\u00f3n<\/strong>\u00ab, explicaba la periodista, quien aseguraba haber permanecido \u00abcompletamente ajena a esas comunicaciones\u00bb. Vilaplana insist\u00eda en que no pregunt\u00f3, no particip\u00f3 ni conoci\u00f3 el contenido de aquellas llamadas, y que el presidente tampoco le transmiti\u00f3 preocupaci\u00f3n alguna al respecto.<\/p>\n<p>La declaraci\u00f3n de Vilaplana se perfila ahora como una pieza clave para esclarecer la <strong>cronolog\u00eda<\/strong> y el <strong>conocimiento que ten\u00eda el presidente de la Generalitat<\/strong> sobre la evoluci\u00f3n de la emergencia. Su testimonio podr\u00eda arrojar luz sobre cu\u00e1ndo tuvo constancia Maz\u00f3n de la gravedad de la situaci\u00f3n y c\u00f3mo gestion\u00f3 la informaci\u00f3n que recib\u00eda mientras se encontraba en el restaurante, lejos del centro de coordinaci\u00f3n de emergencias.<\/p>\n<p>El juicio por la gesti\u00f3n de <a href=\"https:\/\/es.euronews.com\/my-europe\/2025\/05\/24\/carlos-mazon-pide-reunirse-con-las-asociaciones-de-las-victimas-de-la-dana-tras-7-meses-de\" rel=\"nofollow noopener\" target=\"_blank\">la DANA, que caus\u00f3 m\u00e1s de 200 muertos y da\u00f1os materiales<\/a> incalculables, contin\u00faa as\u00ed su curso con un testimonio que promete ser uno de los m\u00e1s esperados del proceso judicial.<\/p>\n","protected":false},"excerpt":{"rendered":"Publicado 23\/10\/2025 &#8211; 11:00 CEST La decisi\u00f3n de la Audiencia de Valencia supone un giro en la investigaci\u00f3n&hellip;\n","protected":false},"author":2,"featured_media":195666,"comment_status":"","ping_status":"","sticky":false,"template":"","format":"standard","meta":{"footnotes":""},"categories":[8],"tags":[17,18,1681,25,24,13,14,11,5541,19,20,9,10,15,16,23,12,21,22,235],"class_list":{"0":"post-195665","1":"post","2":"type-post","3":"status-publish","4":"format-standard","5":"has-post-thumbnail","7":"category-espana","8":"tag-breaking-news","9":"tag-breakingnews","10":"tag-dana","11":"tag-es","12":"tag-espana","13":"tag-featured-news","14":"tag-featurednews","15":"tag-headlines","16":"tag-juicio","17":"tag-latest-news","18":"tag-latestnews","19":"tag-news","20":"tag-noticias","21":"tag-noticias-destacadas","22":"tag-noticiasdestacadas","23":"tag-spain","24":"tag-titulares","25":"tag-ultimas-noticias","26":"tag-ultimasnoticias","27":"tag-valencia"},"share_on_mastodon":{"url":"https:\/\/pubeurope.com\/@es\/115422721698526972","error":""},"_links":{"self":[{"href":"https:\/\/www.europesays.com\/es\/wp-json\/wp\/v2\/posts\/195665","targetHints":{"allow":["GET"]}}],"collection":[{"href":"https:\/\/www.europesays.com\/es\/wp-json\/wp\/v2\/posts"}],"about":[{"href":"https:\/\/www.europesays.com\/es\/wp-json\/wp\/v2\/types\/post"}],"author":[{"embeddable":true,"href":"https:\/\/www.europesays.com\/es\/wp-json\/wp\/v2\/users\/2"}],"replies":[{"embeddable":true,"href":"https:\/\/www.europesays.com\/es\/wp-json\/wp\/v2\/comments?post=195665"}],"version-history":[{"count":0,"href":"https:\/\/www.europesays.com\/es\/wp-json\/wp\/v2\/posts\/195665\/revisions"}],"wp:featuredmedia":[{"embeddable":true,"href":"https:\/\/www.europesays.com\/es\/wp-json\/wp\/v2\/media\/195666"}],"wp:attachment":[{"href":"https:\/\/www.europesays.com\/es\/wp-json\/wp\/v2\/media?parent=195665"}],"wp:term":[{"taxonomy":"category","embeddable":true,"href":"https:\/\/www.europesays.com\/es\/wp-json\/wp\/v2\/categories?post=195665"},{"taxonomy":"post_tag","embeddable":true,"href":"https:\/\/www.europesays.com\/es\/wp-json\/wp\/v2\/tags?post=195665"}],"curies":[{"name":"wp","href":"https:\/\/api.w.org\/{rel}","templated":true}]}}