{"id":195669,"date":"2025-10-23T09:16:10","date_gmt":"2025-10-23T09:16:10","guid":{"rendered":"https:\/\/www.europesays.com\/es\/195669\/"},"modified":"2025-10-23T09:16:10","modified_gmt":"2025-10-23T09:16:10","slug":"el-balonmano-zamora-celebra-sus-bodas-de-plata-presumiendo-de-cantera","status":"publish","type":"post","link":"https:\/\/www.europesays.com\/es\/195669\/","title":{"rendered":"El Balonmano Zamora celebra sus Bodas de Plata presumiendo de cantera"},"content":{"rendered":"<p class=\"paragraph-atom &#10;        A-500-300-700-N A-550-300-700-N--md  \">El <strong>Balonmano Zamora<\/strong> celebr\u00f3 este lunes uno de los momentos m\u00e1s especiales de cada temporada: la <strong>fotograf\u00eda oficial<\/strong> con todos los equipos federados del club.<\/p>\n<p class=\"paragraph-atom &#10;        A-500-300-700-N A-550-300-700-N--md  \"> Jugadores del primer equipo, junto con los conjuntos <strong>infantiles, cadetes, juveniles<\/strong> \u2014masculinos y femeninos\u2014, adem\u00e1s del <strong>equipo de veteranas<\/strong>, el <strong>staff t\u00e9cnico<\/strong> y la <strong>directiva<\/strong>, se unieron para una instant\u00e1nea que refleja la fuerza y la identidad del club.<\/p>\n<p class=\"paragraph-atom &#10;        A-500-300-700-N A-550-300-700-N--md  \">El escenario elegido fue la <strong>Iglesia de San Juan de Puerta Nueva<\/strong>, un entorno hist\u00f3rico que simboliza la uni\u00f3n entre <strong>deporte y ciudad<\/strong>.<\/p>\n<p class=\"paragraph-atom &#10;        A-500-300-700-N A-550-300-700-N--md  \"> El posado llega en un momento inmejorable, con el <strong>Caja Rural de Zamora liderando su categor\u00eda<\/strong>, un motivo m\u00e1s de orgullo para toda la familia pistacho.<\/p>\n<p class=\"paragraph-atom &#10;        A-500-300-700-N A-550-300-700-N--md  \">En su <strong>25\u00ba aniversario de refundaci\u00f3n<\/strong>, el club reafirma su compromiso con la <strong>cantera<\/strong>, que sigue creciendo en n\u00famero y en valores: <strong>compromiso, esfuerzo, respeto y sentimiento de pertenencia<\/strong>.<\/p>\n<p class=\"paragraph-atom &#10;        A-500-300-700-N A-550-300-700-N--md  \"> Una jornada para el recuerdo que quedar\u00e1 grabada en la historia y en el coraz\u00f3n de todos los que forman parte del Balonmano Zamora.<\/p>\n","protected":false},"excerpt":{"rendered":"El Balonmano Zamora celebr\u00f3 este lunes uno de los momentos m\u00e1s especiales de cada temporada: la fotograf\u00eda oficial&hellip;\n","protected":false},"author":2,"featured_media":195670,"comment_status":"","ping_status":"","sticky":false,"template":"","format":"standard","meta":{"footnotes":""},"categories":[278],"tags":[376,8221,6951,168,25,24,375,2241,23,167,2946],"class_list":{"0":"post-195669","1":"post","2":"type-post","3":"status-publish","4":"format-standard","5":"has-post-thumbnail","7":"category-balonmano","8":"tag-balonmano","9":"tag-caja","10":"tag-celebra","11":"tag-deportes","12":"tag-es","13":"tag-espana","14":"tag-handball","15":"tag-rural","16":"tag-spain","17":"tag-sports","18":"tag-zamora"},"share_on_mastodon":{"url":"https:\/\/pubeurope.com\/@es\/115422729623816369","error":""},"_links":{"self":[{"href":"https:\/\/www.europesays.com\/es\/wp-json\/wp\/v2\/posts\/195669","targetHints":{"allow":["GET"]}}],"collection":[{"href":"https:\/\/www.europesays.com\/es\/wp-json\/wp\/v2\/posts"}],"about":[{"href":"https:\/\/www.europesays.com\/es\/wp-json\/wp\/v2\/types\/post"}],"author":[{"embeddable":true,"href":"https:\/\/www.europesays.com\/es\/wp-json\/wp\/v2\/users\/2"}],"replies":[{"embeddable":true,"href":"https:\/\/www.europesays.com\/es\/wp-json\/wp\/v2\/comments?post=195669"}],"version-history":[{"count":0,"href":"https:\/\/www.europesays.com\/es\/wp-json\/wp\/v2\/posts\/195669\/revisions"}],"wp:featuredmedia":[{"embeddable":true,"href":"https:\/\/www.europesays.com\/es\/wp-json\/wp\/v2\/media\/195670"}],"wp:attachment":[{"href":"https:\/\/www.europesays.com\/es\/wp-json\/wp\/v2\/media?parent=195669"}],"wp:term":[{"taxonomy":"category","embeddable":true,"href":"https:\/\/www.europesays.com\/es\/wp-json\/wp\/v2\/categories?post=195669"},{"taxonomy":"post_tag","embeddable":true,"href":"https:\/\/www.europesays.com\/es\/wp-json\/wp\/v2\/tags?post=195669"}],"curies":[{"name":"wp","href":"https:\/\/api.w.org\/{rel}","templated":true}]}}