{"id":195677,"date":"2025-10-23T09:22:09","date_gmt":"2025-10-23T09:22:09","guid":{"rendered":"https:\/\/www.europesays.com\/es\/195677\/"},"modified":"2025-10-23T09:22:09","modified_gmt":"2025-10-23T09:22:09","slug":"carlos-sainz-vuelve-a-mexico-escenario-de-una-gran-victoria-en-2024","status":"publish","type":"post","link":"https:\/\/www.europesays.com\/es\/195677\/","title":{"rendered":"Carlos Sainz vuelve a M\u00e9xico, escenario de una gran victoria en 2024"},"content":{"rendered":"<ul>&#13;<\/p>\n<li>Carlos Sainz afronta este fin de semana el GP de M\u00e9xico, donde ya sabe que acarrear\u00e1 una sanci\u00f3n de cinco posiciones en la parrilla de salida por el accidente en el que se vio involucrado en Austin.<\/li>\n<p>&#13;<\/p>\n<li>El piloto espa\u00f1ol conf\u00eda en exprimir el ritmo de su Williams FW47 para sobreponerse a la penalizaci\u00f3n, aunque pueda implicar una carrera a la remontada el domingo.<\/li>\n<p>&#13;<\/p>\n<li>El Aut\u00f3dromo Hermanos Rodr\u00edguez es una de las pistas favoritas de Carlos y es el escenario donde el a\u00f1o pasado conquist\u00f3 una victoria formidable desde la Pole Position.<\/li>\n<p>&#13;\n<\/ul>\n<p><strong>DECLARACIONES:<\/strong><br \/>&#13;<br \/>\n\u201cEmpezamos la semana de M\u00e9xico, un circuito en el que siempre me encanta correr y donde la energ\u00eda de la afici\u00f3n es inigualable. Es decepcionante afrontar este fin de semana con la penalizaci\u00f3n de cinco posiciones, pero la parte positiva es que sabemos que el coche tiene ritmo, as\u00ed que espero que podamos hacer una buena clasificaci\u00f3n y que el domingo podamos remontar. El equipo sigue en una inercia positiva, \u00a1as\u00ed que deseando que llegue!\u00bb.<\/p>\n<p><strong>PR\u00d3XIMA ACTIVIDAD:<\/strong><br \/>&#13;<br \/>\nViernes, 24 de octubre de 2025:<\/p>\n<ul>&#13;<\/p>\n<li>Entrenamientos Libres 1: 12:30 hora local (20:30 CEST)<\/li>\n<p>&#13;<\/p>\n<li>Entrenamientos Libres 2: 16:00 hora local (00:00 CEST)<\/li>\n<p>&#13;\n<\/ul>\n","protected":false},"excerpt":{"rendered":"&#13; Carlos Sainz afronta este fin de semana el GP de M\u00e9xico, donde ya sabe que acarrear\u00e1 una&hellip;\n","protected":false},"author":2,"featured_media":195678,"comment_status":"","ping_status":"","sticky":false,"template":"","format":"standard","meta":{"footnotes":""},"categories":[270],"tags":[307,168,25,24,306,271,272,54288,11596,54289,23,167,308],"class_list":{"0":"post-195677","1":"post","2":"type-post","3":"status-publish","4":"format-standard","5":"has-post-thumbnail","7":"category-formula-1","8":"tag-carlos-sainz","9":"tag-deportes","10":"tag-es","11":"tag-espana","12":"tag-f1","13":"tag-formula-1","14":"tag-formula1","15":"tag-fw37","16":"tag-gp-mexico","17":"tag-hermanos-rodriguez","18":"tag-spain","19":"tag-sports","20":"tag-williams"},"share_on_mastodon":{"url":"https:\/\/pubeurope.com\/@es\/115422753309830006","error":""},"_links":{"self":[{"href":"https:\/\/www.europesays.com\/es\/wp-json\/wp\/v2\/posts\/195677","targetHints":{"allow":["GET"]}}],"collection":[{"href":"https:\/\/www.europesays.com\/es\/wp-json\/wp\/v2\/posts"}],"about":[{"href":"https:\/\/www.europesays.com\/es\/wp-json\/wp\/v2\/types\/post"}],"author":[{"embeddable":true,"href":"https:\/\/www.europesays.com\/es\/wp-json\/wp\/v2\/users\/2"}],"replies":[{"embeddable":true,"href":"https:\/\/www.europesays.com\/es\/wp-json\/wp\/v2\/comments?post=195677"}],"version-history":[{"count":0,"href":"https:\/\/www.europesays.com\/es\/wp-json\/wp\/v2\/posts\/195677\/revisions"}],"wp:featuredmedia":[{"embeddable":true,"href":"https:\/\/www.europesays.com\/es\/wp-json\/wp\/v2\/media\/195678"}],"wp:attachment":[{"href":"https:\/\/www.europesays.com\/es\/wp-json\/wp\/v2\/media?parent=195677"}],"wp:term":[{"taxonomy":"category","embeddable":true,"href":"https:\/\/www.europesays.com\/es\/wp-json\/wp\/v2\/categories?post=195677"},{"taxonomy":"post_tag","embeddable":true,"href":"https:\/\/www.europesays.com\/es\/wp-json\/wp\/v2\/tags?post=195677"}],"curies":[{"name":"wp","href":"https:\/\/api.w.org\/{rel}","templated":true}]}}