{"id":195681,"date":"2025-10-23T09:24:09","date_gmt":"2025-10-23T09:24:09","guid":{"rendered":"https:\/\/www.europesays.com\/es\/195681\/"},"modified":"2025-10-23T09:24:09","modified_gmt":"2025-10-23T09:24:09","slug":"el-hercules-ha-sido-mejor-en-los-momentos-donde-ha-tenido-las-oportunidades","status":"publish","type":"post","link":"https:\/\/www.europesays.com\/es\/195681\/","title":{"rendered":"El H\u00e9rcules ha sido mejor en los momentos donde ha tenido las oportunidades"},"content":{"rendered":"<p class=\"ft-text ft-helper-closenews\">Contra todo pron\u00f3stico, un Atl\u00e9tico Madrile\u00f1o que ven\u00eda al <a class=\"ft-link ft-link--decoration\" href=\"https:\/\/www.informacion.es\/hercules-cf\/\" rel=\"nofollow noopener\" target=\"_blank\">Rico P\u00e9rez<\/a> en busca del liderato ha salido con <a class=\"ft-link ft-link--decoration\" href=\"https:\/\/www.informacion.es\/hercules-cf\/2025\/10\/22\/hercules-noquea-atletico-madrid-b-122909113.html\" target=\"_blank\" rel=\"nofollow noopener\">tres goles encajados<\/a> y ninguno anotado. Un resultado que, teniendo en cuenta el desarrollo del partido, Fernando Torres considera \u00abtotalmente excesivo, aunque la realidad es la que es\u00bb. Preguntado sobre d\u00f3nde cree que estuvo el factor que permiti\u00f3 al <a class=\"ft-link ft-link--decoration\" href=\"https:\/\/www.informacion.es\/hercules-cf\/2025\/10\/22\/ruben-torrecilla-hercules-hecho-partido-122909949.html\" target=\"_blank\" rel=\"nofollow noopener\">H\u00e9rcules<\/a> anular el potencial goleador de su equipo, Torres ha hablado de la \u00abcontundencia\u00bb que tuvo el conjunto blanquiazul y que sus jugadores no demostraron, tanto en las ocasiones de ataque como en los duelos individuales.<\/p>\n<p class=\"ft-text\">\u00abEl primer tiempo ha tenido dos tramos muy diferentes, en los primeros 25 minutos nosotros hemos controlado pero no hemos tenido contundencia. Luego ellos s\u00ed han tenido pegada, el gol al comenzar la segunda parte nos ha afectado\u00bb, ha se\u00f1alado Torres sobre el desarrollo del partido.<\/p>\n<p class=\"ft-text\">\u00abA partir de ah\u00ed, ellos han sido mejores en los momentos donde han tenido las oportunidades\u00bb, reconoce el \u00abNi\u00f1o\u00bb Torres, visiblemente contrariado en la sala de prensa del Rico P\u00e9rez. Sin embargo, el ex internacional con Espa\u00f1a no busca excusas y ha confirmado que <strong>en el f\u00fatbol \u00abtienes tus momentos y si no los aprovechas, el rival normalmente lo hace\u00bb<\/strong>. En retrospectiva, tambi\u00e9n lamenta que no hayan podido \u00abjugar con el marcador a favor, como estamos acostumbrados\u00bb.<\/p>\n<p>Aranda y Ropero, en la mente de Torres<\/p>\n<p class=\"ft-text\">El entrenador del filial colchonero se regresa a Madrid con <strong>dos nombres en la cabeza: Antonio Aranda y Unai Ropero<\/strong>. \u00abAranda ha estado muy c\u00f3modo entre l\u00edneas, Ropero igual, y los puntas del H\u00e9rcules han conseguido estirarnos demasiado en defensa\u00bb, ha analizado el t\u00e9cnico rojiblanco. Piensa, adem\u00e1s, que la derrota ha estado en las acciones individuales, donde los blanquiazules ganaron la partida.<\/p>\n<p class=\"ft-text\">El <strong>Atl\u00e9tico Madrile\u00f1o<\/strong>, ya con el mismo n\u00famero de<a class=\"ft-link ft-link--decoration\" href=\"https:\/\/www.informacion.es\/deportes\/futbol\/primera-rfef-grupo-2\/clasificacion-liga.html\" target=\"_blank\" rel=\"nofollow noopener\"> partidos jugados<\/a> que sus rivales, acaba <strong>cuarto en la tabla, a un solo punto del liderato<\/strong> que, de otra forma, hubiese sido suyo. \u00abEstoy seguro de que no nos va a hacer da\u00f1o este resultado porque analizaremos los porqu\u00e9s que hay detr\u00e1s\u00bb, ha sentenciado Torres sobre su segunda derrota de la temporada, la primera de ellas por goleada y segundo partido de ocho disputados en el que su equipo no logr\u00f3 anotar.<\/p>\n<p data-close=\"closedContent\" class=\"subscribeHideForDisplay\">Suscr\u00edbete para seguir leyendo<\/p>\n","protected":false},"excerpt":{"rendered":"Contra todo pron\u00f3stico, un Atl\u00e9tico Madrile\u00f1o que ven\u00eda al Rico P\u00e9rez en busca del liderato ha salido con&hellip;\n","protected":false},"author":2,"featured_media":195682,"comment_status":"","ping_status":"","sticky":false,"template":"","format":"standard","meta":{"footnotes":""},"categories":[268],"tags":[168,25,24,2421,54290,280,282,5815,7409,7412,1684,37932,6746,281,23,167,4655],"class_list":{"0":"post-195681","1":"post","2":"type-post","3":"status-publish","4":"format-standard","5":"has-post-thumbnail","7":"category-futbol","8":"tag-deportes","9":"tag-es","10":"tag-espana","11":"tag-fernando","12":"tag-fernando-torres","13":"tag-football","14":"tag-futbol","15":"tag-goles","16":"tag-hercules","17":"tag-hercules-cf","18":"tag-mejor","19":"tag-rico-perez","20":"tag-sido","21":"tag-soccer","22":"tag-spain","23":"tag-sports","24":"tag-torres"},"share_on_mastodon":{"url":"https:\/\/pubeurope.com\/@es\/115422761181916262","error":""},"_links":{"self":[{"href":"https:\/\/www.europesays.com\/es\/wp-json\/wp\/v2\/posts\/195681","targetHints":{"allow":["GET"]}}],"collection":[{"href":"https:\/\/www.europesays.com\/es\/wp-json\/wp\/v2\/posts"}],"about":[{"href":"https:\/\/www.europesays.com\/es\/wp-json\/wp\/v2\/types\/post"}],"author":[{"embeddable":true,"href":"https:\/\/www.europesays.com\/es\/wp-json\/wp\/v2\/users\/2"}],"replies":[{"embeddable":true,"href":"https:\/\/www.europesays.com\/es\/wp-json\/wp\/v2\/comments?post=195681"}],"version-history":[{"count":0,"href":"https:\/\/www.europesays.com\/es\/wp-json\/wp\/v2\/posts\/195681\/revisions"}],"wp:featuredmedia":[{"embeddable":true,"href":"https:\/\/www.europesays.com\/es\/wp-json\/wp\/v2\/media\/195682"}],"wp:attachment":[{"href":"https:\/\/www.europesays.com\/es\/wp-json\/wp\/v2\/media?parent=195681"}],"wp:term":[{"taxonomy":"category","embeddable":true,"href":"https:\/\/www.europesays.com\/es\/wp-json\/wp\/v2\/categories?post=195681"},{"taxonomy":"post_tag","embeddable":true,"href":"https:\/\/www.europesays.com\/es\/wp-json\/wp\/v2\/tags?post=195681"}],"curies":[{"name":"wp","href":"https:\/\/api.w.org\/{rel}","templated":true}]}}