{"id":195687,"date":"2025-10-23T09:27:07","date_gmt":"2025-10-23T09:27:07","guid":{"rendered":"https:\/\/www.europesays.com\/es\/195687\/"},"modified":"2025-10-23T09:27:07","modified_gmt":"2025-10-23T09:27:07","slug":"sevilla-inaugura-la-feria-del-libro-2025-con-un-pregon-de-la-escritora-inma-aguilera-en-los-jardines-de-murillo-actualidad","status":"publish","type":"post","link":"https:\/\/www.europesays.com\/es\/195687\/","title":{"rendered":"Sevilla inaugura la Feria del Libro 2025 con un preg\u00f3n de la escritora Inma Aguilera en los Jardines de Murillo \u2014 Actualidad"},"content":{"rendered":"<p>Sevilla ha inaugurado esta tarde la Feria del Libro de Sevilla (FELISE) 2025 con un preg\u00f3n a cargo de la escritora Inma Aguilera, celebrado en los Jardines de Murillo, que se transforman hasta el pr\u00f3ximo 2 de noviembre en el gran escenario de la palabra y la cultura. Antes del acto inaugural, la delegada de Turismo y Cultura, Angie Moreno, junto al director de la Feria, Antonio Agredano, ha recorrido las casetas, saludando a libreros, autores y representantes de editoriales e instituciones participantes.<\/p>\n<p>La pregonera, Inma Aguilera, autora malague\u00f1a muy vinculada a Sevilla, ha abierto esta edici\u00f3n con un emotivo discurso que ha rendido homenaje al poder de los libros y al papel de la ciudad como punto de encuentro literario. Su intervenci\u00f3n ha dado el pistoletazo de salida a once d\u00edas de programaci\u00f3n con presentaciones, debates, recitales, talleres y actividades para todos los p\u00fablicos.<\/p>\n<p>Durante su visita, Angie Moreno ha destacado \u201cla firme apuesta del Ayuntamiento de Sevilla por la Feria del Libro y por la cultura en todas sus formas\u201d, subrayando que \u201ceste gobierno municipal considera la lectura y el acceso a la cultura como una prioridad, una herramienta de cohesi\u00f3n social y de proyecci\u00f3n internacional\u201d. Adem\u00e1s, ha se\u00f1alado que \u201cla Feria del Libro es una cita que hace ciudad, que une a generaciones y que demuestra la fuerza del talento literario y editorial de Sevilla\u201d.<\/p>\n<p>Con esta nueva edici\u00f3n, la FELISE 2025 reafirma el compromiso de Sevilla con la lectura, los creadores y el sector del libro, consolidando a la ciudad como uno de los grandes referentes culturales del pa\u00eds.<\/p>\n","protected":false},"excerpt":{"rendered":"Sevilla ha inaugurado esta tarde la Feria del Libro de Sevilla (FELISE) 2025 con un preg\u00f3n a cargo&hellip;\n","protected":false},"author":2,"featured_media":195688,"comment_status":"","ping_status":"","sticky":false,"template":"","format":"standard","meta":{"footnotes":""},"categories":[172],"tags":[224,146,147,25,24,225,23],"class_list":{"0":"post-195687","1":"post","2":"type-post","3":"status-publish","4":"format-standard","5":"has-post-thumbnail","7":"category-libros","8":"tag-books","9":"tag-entertainment","10":"tag-entretenimiento","11":"tag-es","12":"tag-espana","13":"tag-libros","14":"tag-spain"},"share_on_mastodon":{"url":"https:\/\/pubeurope.com\/@es\/115422774016218293","error":""},"_links":{"self":[{"href":"https:\/\/www.europesays.com\/es\/wp-json\/wp\/v2\/posts\/195687","targetHints":{"allow":["GET"]}}],"collection":[{"href":"https:\/\/www.europesays.com\/es\/wp-json\/wp\/v2\/posts"}],"about":[{"href":"https:\/\/www.europesays.com\/es\/wp-json\/wp\/v2\/types\/post"}],"author":[{"embeddable":true,"href":"https:\/\/www.europesays.com\/es\/wp-json\/wp\/v2\/users\/2"}],"replies":[{"embeddable":true,"href":"https:\/\/www.europesays.com\/es\/wp-json\/wp\/v2\/comments?post=195687"}],"version-history":[{"count":0,"href":"https:\/\/www.europesays.com\/es\/wp-json\/wp\/v2\/posts\/195687\/revisions"}],"wp:featuredmedia":[{"embeddable":true,"href":"https:\/\/www.europesays.com\/es\/wp-json\/wp\/v2\/media\/195688"}],"wp:attachment":[{"href":"https:\/\/www.europesays.com\/es\/wp-json\/wp\/v2\/media?parent=195687"}],"wp:term":[{"taxonomy":"category","embeddable":true,"href":"https:\/\/www.europesays.com\/es\/wp-json\/wp\/v2\/categories?post=195687"},{"taxonomy":"post_tag","embeddable":true,"href":"https:\/\/www.europesays.com\/es\/wp-json\/wp\/v2\/tags?post=195687"}],"curies":[{"name":"wp","href":"https:\/\/api.w.org\/{rel}","templated":true}]}}