{"id":195689,"date":"2025-10-23T09:28:17","date_gmt":"2025-10-23T09:28:17","guid":{"rendered":"https:\/\/www.europesays.com\/es\/195689\/"},"modified":"2025-10-23T09:28:17","modified_gmt":"2025-10-23T09:28:17","slug":"ya-no-se-que-hacer-para-parar-la-guerra","status":"publish","type":"post","link":"https:\/\/www.europesays.com\/es\/195689\/","title":{"rendered":"Ya no s\u00e9 qu\u00e9 hacer para parar la guerra"},"content":{"rendered":"<p data-journey-content=\"true\" data-node-id=\"3\" class=\"css-6wxqfj emevuu60\">La televisi\u00f3n a veces puede dar un giro en nuestras vidas, cruz\u00e1ndonos con quien pens\u00e1bamos que nunca coincidir\u00edamos. Que se lo digan a <strong data-node-id=\"3.1\">Marta Pe\u00f1ate y Oriana Marzoli<\/strong>, que aunque pensaron que no volver\u00edan a verse, <strong data-node-id=\"3.3\">se juntaron en el plat\u00f3 de <\/strong><a href=\"https:\/\/www.diezminutos.es\/supervivientes-televisi%C3%B3n\/\" target=\"_blank\" data-vars-ga-outbound-link=\"https:\/\/www.diezminutos.es\/supervivientes-televisi%C3%B3n\/\" data-vars-ga-ux-element=\"Hyperlink\" data-vars-ga-call-to-action=\"&#039;Supervivientes All Stars&#039;\" data-node-id=\"3.4\" class=\"body-link css-177bzfx emevuu60\" rel=\"nofollow noopener\"><strong data-node-id=\"3.4.0\">&#8216;Supervivientes All Stars&#8217;<\/strong><\/a>. La enemistad de las colaboradoras va m\u00e1s de las pantallas, y es que entre ellas saltan chispas por la persona que tienen en com\u00fan: <strong data-node-id=\"3.6\">Tony Spina, pareja de Marta y ex de Oriana<\/strong>. La tensi\u00f3n entre ellas era m\u00e1s que evidente durante la primera gala tras empezar el reality en Honduras, donde tuvieron un <a href=\"https:\/\/www.diezminutos.es\/teleprograma\/programas-tv\/a66005790\/sandra-barneda-pelea-oriana-marzoli-marta-penate-conexion-honduras-supervivientes-all-stars-2025\/\" target=\"_blank\" data-vars-ga-outbound-link=\"https:\/\/www.diezminutos.es\/teleprograma\/programas-tv\/a66005790\/sandra-barneda-pelea-oriana-marzoli-marta-penate-conexion-honduras-supervivientes-all-stars-2025\/\" data-vars-ga-ux-element=\"Hyperlink\" data-vars-ga-call-to-action=\"fuerte encontronazo\" data-node-id=\"3.8\" class=\"body-link css-177bzfx emevuu60\" rel=\"nofollow noopener\">fuerte encontronazo<\/a>. LY hace una tremenda confesi\u00f3n de Marta Pe\u00f1ate sobre Oriana Marzoli: \u00abYa no s\u00e9 qu\u00e9 hacer para parar la guerra\u00bb.<\/p>\n<p data-journey-content=\"true\" data-node-id=\"6\" class=\"css-6wxqfj emevuu60\">Todo pod\u00eda haberse quedado en esa primera bronca en la que tuvo que intervenir <a href=\"https:\/\/www.diezminutos.es\/sandra-barneda\/\" target=\"_blank\" data-vars-ga-outbound-link=\"https:\/\/www.diezminutos.es\/sandra-barneda\/\" data-vars-ga-ux-element=\"Hyperlink\" data-vars-ga-call-to-action=\"Sandra Barneda\" data-node-id=\"6.1\" class=\"body-link css-177bzfx emevuu60\" rel=\"nofollow noopener\">Sandra Barneda<\/a> para relajar tensiones, pero a los escasos diez d\u00edas volv\u00edan a <strong data-node-id=\"6.3\">lanzarse acusaciones entre ellas<\/strong>, provocando incluso que la canaria <a href=\"https:\/\/www.diezminutos.es\/teleprograma\/programas-tv\/a66090698\/marta-penate-abandona-supervivientes-all-stars-2025-oriana-marzoli\/\" target=\"_blank\" data-vars-ga-outbound-link=\"https:\/\/www.diezminutos.es\/teleprograma\/programas-tv\/a66090698\/marta-penate-abandona-supervivientes-all-stars-2025-oriana-marzoli\/\" data-vars-ga-ux-element=\"Hyperlink\" data-vars-ga-call-to-action=\"abandonase el plat\u00f3\" data-node-id=\"6.5\" class=\"body-link css-177bzfx emevuu60\" rel=\"nofollow noopener\">abandonase el plat\u00f3<\/a>. Los <a href=\"https:\/\/www.diezminutos.es\/famosos-corazon\/famosos-espanoles\/a66101479\/oriana-marzoli-marta-penate-motivo-mala-relacion-origen\/\" target=\"_blank\" data-vars-ga-outbound-link=\"https:\/\/www.diezminutos.es\/famosos-corazon\/famosos-espanoles\/a66101479\/oriana-marzoli-marta-penate-motivo-mala-relacion-origen\/\" data-vars-ga-ux-element=\"Hyperlink\" data-vars-ga-call-to-action=\"motivos de su enfrentamiento\" data-node-id=\"6.7\" class=\"body-link css-177bzfx emevuu60\" rel=\"nofollow noopener\">motivos de su enfrentamiento<\/a> surgieron a ra\u00edz de la relaci\u00f3n de Marta con Tony, concretamente de la decisi\u00f3n de Oriana de grabar un cap\u00edtulo junto a la que fue su pareja para su canal de Mtmad repasando su historia de amor. Desde entonces, las indirectas y las pullas han estado presente.<\/p>\n<p><img draggable=\"true\" alt=\"marta penate y oriana marzolli discusion\" title=\"marta penate y oriana marzolli discusion\" loading=\"lazy\" width=\"3000\" height=\"1657\" decoding=\"async\" data-nimg=\"1\" style=\"color:transparent;width:100%;height:auto;\"   src=\"https:\/\/www.europesays.com\/es\/wp-content\/uploads\/2025\/10\/oriana-y-marta-penate-discusion-68f9cf57c9012.jpg\" class=\"css-0 e1g79fud0\"\/><\/p>\n<p>Telecinco<\/p>\n<p>Marta Pe\u00f1ate se sincera sobre su enfrentamiento con Oriana Marzoli: \u00abYa me da pereza\u00bb<\/p>\n<p data-journey-content=\"true\" data-node-id=\"10\" class=\"css-6wxqfj emevuu60\">Desde <a href=\"https:\/\/www.diezminutos.es\/teleprograma\/programas-tv\/a68888732\/gala-tierra-de-nadie-5-supervivientes-all-stars-marta-penate-tony-spina-boda\/\" target=\"_blank\" data-vars-ga-outbound-link=\"https:\/\/www.diezminutos.es\/teleprograma\/programas-tv\/a68888732\/gala-tierra-de-nadie-5-supervivientes-all-stars-marta-penate-tony-spina-boda\/\" data-vars-ga-ux-element=\"Hyperlink\" data-vars-ga-call-to-action=\"su boda en Honduras con Tony Spina\" data-node-id=\"10.1\" class=\"body-link css-177bzfx emevuu60\" rel=\"nofollow noopener\">su boda en Honduras con Tony Spina<\/a>, parece que <strong data-node-id=\"10.3\">la canaria est\u00e1 m\u00e1s por la labor de una reconciliaci\u00f3n<\/strong>. O, al menos, de no repetir las broncas que protagoniz\u00f3 con la venezolana. As\u00ed lo ha demostrado en la gala de los Gen Z Awards 2025, donde se ha pronunciado sobre la ex de su ahora marido, no sin antes dejar claro lo mucho que le echa de menos. \u00ab<strong data-node-id=\"10.5\">Deseando que venga, de quitarme todo de encima, todos los frentes que hay abiertos, todas las guerras que hay abiertas<\/strong>\u00ab, aseguraba <a href=\"https:\/\/www.diezminutos.es\/teleprograma\/programas-tv\/a66009487\/marta-penate-vida-supervivientes-problemas-ser-madre-relacion-tony-spina\/\" target=\"_blank\" data-vars-ga-outbound-link=\"https:\/\/www.diezminutos.es\/teleprograma\/programas-tv\/a66009487\/marta-penate-vida-supervivientes-problemas-ser-madre-relacion-tony-spina\/\" data-vars-ga-ux-element=\"Hyperlink\" data-vars-ga-call-to-action=\"Marta Pe\u00f1ate\" data-node-id=\"10.7\" class=\"body-link css-177bzfx emevuu60\" rel=\"nofollow noopener\">Marta Pe\u00f1ate<\/a>.<\/p>\n<p><img draggable=\"true\" alt=\"marta penate\" title=\"marta penate\" loading=\"lazy\" width=\"4000\" height=\"2667\" decoding=\"async\" data-nimg=\"1\" style=\"color:transparent;width:100%;height:auto;\"   src=\"https:\/\/www.europesays.com\/es\/wp-content\/uploads\/2025\/10\/marta-pe-c3-b1ate-presents-veranos-pantene-25th-anniversary-at-news-photo-1718620127.jpg\" class=\"css-0 e1g79fud0\"\/><\/p>\n<p>Pablo Cuadra\/\/Getty Images<\/p>\n<p data-journey-content=\"true\" data-node-id=\"15\" class=\"css-6wxqfj emevuu60\">Precisamente esa &#8216;guerra&#8217; m\u00e1s sonada es con <a href=\"https:\/\/www.diezminutos.es\/teleprograma\/programacion-tv\/a66008554\/oriana-marzoli-vida\/\" target=\"_blank\" data-vars-ga-outbound-link=\"https:\/\/www.diezminutos.es\/teleprograma\/programacion-tv\/a66008554\/oriana-marzoli-vida\/\" data-vars-ga-ux-element=\"Hyperlink\" data-vars-ga-call-to-action=\"Oriana Marzoli\" data-node-id=\"15.1\" class=\"body-link css-177bzfx emevuu60\" rel=\"nofollow noopener\">Oriana Marzoli<\/a>. \u00ab<strong data-node-id=\"15.3\">Ya me da pereza. Ya no s\u00e9 qu\u00e9 hacer para parar la guerra<\/strong>\u00ab, dec\u00eda la canaria sobre su enemistad. \u00ab<strong data-node-id=\"15.5\">Me fui de plat\u00f3 un d\u00eda, otro d\u00eda me call\u00e9, otro d\u00eda dej\u00e9 que me solapara continuamente&#8230;<\/strong> llega un momento que dices &#8216;Ya se acab\u00f3&#8217;, y no te queda otra que quedar como una <strong data-node-id=\"15.7\">verdulera<\/strong>\u00ab. \u00ab<strong data-node-id=\"15.9\">Me tendr\u00e9 que fastidiar, porque ya no me quiero dejar pisar m\u00e1s<\/strong>\u00ab, sentenciaba ante las c\u00e1maras. A pesar de explicar que ella busc\u00f3 las formas de no entrar en ese cruce de acusaciones, desde que coincidieron en plat\u00f3 tambi\u00e9n han sido habituales las indirectas en redes sociales. \u00ab<strong data-node-id=\"15.11\">Cada vez que habl\u00f3 en un directo es porque ha hecho un cap\u00edtulo en Mtmad<\/strong>. Que si el tatuaje de Tony, que si cuando le conoc\u00ed, que si le puse los cuernos&#8230; Alardeando de que le has puesto los cuernos a una persona\u00bb, se quejaba Marta. \u00ab<strong data-node-id=\"15.13\">No me afecta que le hayas puesto los cuernos a mi pareja, pero me fastidia que sea as\u00ed<\/strong>\u00ab. Parece que por mucho que quiera terminar la guerra, la tensi\u00f3n entre Marta y Oriana ya es inevitable.<\/p>\n","protected":false},"excerpt":{"rendered":"La televisi\u00f3n a veces puede dar un giro en nuestras vidas, cruz\u00e1ndonos con quien pens\u00e1bamos que nunca coincidir\u00edamos.&hellip;\n","protected":false},"author":2,"featured_media":195690,"comment_status":"","ping_status":"","sticky":false,"template":"","format":"standard","meta":{"footnotes":""},"categories":[171],"tags":[253,146,147,25,24,23,214],"class_list":{"0":"post-195689","1":"post","2":"type-post","3":"status-publish","4":"format-standard","5":"has-post-thumbnail","7":"category-tv","8":"tag-discover","9":"tag-entertainment","10":"tag-entretenimiento","11":"tag-es","12":"tag-espana","13":"tag-spain","14":"tag-tv"},"share_on_mastodon":{"url":"https:\/\/pubeurope.com\/@es\/115422777094420043","error":""},"_links":{"self":[{"href":"https:\/\/www.europesays.com\/es\/wp-json\/wp\/v2\/posts\/195689","targetHints":{"allow":["GET"]}}],"collection":[{"href":"https:\/\/www.europesays.com\/es\/wp-json\/wp\/v2\/posts"}],"about":[{"href":"https:\/\/www.europesays.com\/es\/wp-json\/wp\/v2\/types\/post"}],"author":[{"embeddable":true,"href":"https:\/\/www.europesays.com\/es\/wp-json\/wp\/v2\/users\/2"}],"replies":[{"embeddable":true,"href":"https:\/\/www.europesays.com\/es\/wp-json\/wp\/v2\/comments?post=195689"}],"version-history":[{"count":0,"href":"https:\/\/www.europesays.com\/es\/wp-json\/wp\/v2\/posts\/195689\/revisions"}],"wp:featuredmedia":[{"embeddable":true,"href":"https:\/\/www.europesays.com\/es\/wp-json\/wp\/v2\/media\/195690"}],"wp:attachment":[{"href":"https:\/\/www.europesays.com\/es\/wp-json\/wp\/v2\/media?parent=195689"}],"wp:term":[{"taxonomy":"category","embeddable":true,"href":"https:\/\/www.europesays.com\/es\/wp-json\/wp\/v2\/categories?post=195689"},{"taxonomy":"post_tag","embeddable":true,"href":"https:\/\/www.europesays.com\/es\/wp-json\/wp\/v2\/tags?post=195689"}],"curies":[{"name":"wp","href":"https:\/\/api.w.org\/{rel}","templated":true}]}}