{"id":195711,"date":"2025-10-23T09:40:32","date_gmt":"2025-10-23T09:40:32","guid":{"rendered":"https:\/\/www.europesays.com\/es\/195711\/"},"modified":"2025-10-23T09:40:32","modified_gmt":"2025-10-23T09:40:32","slug":"es-muy-triste-y-doloroso","status":"publish","type":"post","link":"https:\/\/www.europesays.com\/es\/195711\/","title":{"rendered":"Es muy triste y doloroso"},"content":{"rendered":"<p class=\"paragraph\">Morante de la Puebla caus\u00f3 una enorme conmoci\u00f3n el pasado domingo en la plaza de Las Ventas, donde decidi\u00f3 <b>cortarse la coleta<\/b> y retirarse de los ruedos. <a href=\"https:\/\/www.heraldo.es\/noticias\/ocio-y-cultura\/2025\/10\/12\/morante-de-la-puebla-se-corta-la-coleta-en-la-plaza-de-las-ventas-1861440.html\" title=\"Morante de la Puebla se retira inesperadamente entre l\u00e1grimas y se corta la coleta en Las Ventas\" rel=\"nofollow noopener\" target=\"_blank\">Una decisi\u00f3n dr\u00e1stica que priva a los aficionados de un maestro taurino en su esplendor y que tiene como trasfondo un problema relacionado con la salud mental.\u00a0<\/a><\/p>\n<p class=\"paragraph\">Seg\u00fan revel\u00f3 hace unos meses el propio Morante sufre desde que ten\u00eda 22 a\u00f1os <b>un trastorno disociativo<\/b> que le ha puesto en muchos aprietos y que ha motivado retiradas temporales de las plazas.\u00a0<\/p>\n<p class=\"paragraph\">La primera vez acaeci\u00f3 en el a\u00f1o 2004, cuando decidi\u00f3 marcharse a Miami a tratarse lo que se defini\u00f3 como \u00abuna depresi\u00f3n\u00bb. <b>\u00abPsicol\u00f3gicamente es imposible volver a torear\u00bb,<\/b> manifest\u00f3. Y posteriormente se\u00f1al\u00f3: \u00abTodo esto lo hago por el toreo. Podr\u00eda estar m\u00e1s tiempo con otro tipo de tratamiento, pero ten\u00eda confianza en este, aunque fuera m\u00e1s agresivo\u00bb.<\/p>\n<p class=\"paragraph\">Volvi\u00f3 a la acci\u00f3n un a\u00f1o y medio despu\u00e9s, <b>pero volvi\u00f3 a retirarse el 20 de junio de 2007 <\/b>tras \u00abhaber perdido la ilusi\u00f3n\u00bb. Una vez m\u00e1s, retorn\u00f3 a las plazas hasta que en agosto 2017 dijo adi\u00f3s a los ruedos por \u00ababurrimiento\u00bb ante un sistema que va en contra del toreo de arte\u00bb.<\/p>\n<p class=\"paragraph\">Hace unos meses, Morante se sincer\u00f3 con el diario &#8216;ABC&#8217; y revel\u00f3 que padece un trastorno disociativo, que defini\u00f3 como \u00abuna enfermedad muy compleja, muy triste y muy dolorosa\u00bb. Una dolencia a la que hace dos a\u00f1os se a\u00f1adi\u00f3 un cuadro depresivo mayor, por lo que<b> fue sometido a una terapia de electroshocks.<\/b><\/p>\n<p class=\"paragraph\">Los trastornos disociativos son afecciones mentales que implican una p\u00e9rdida de conexi\u00f3n entre pensamientos, recuerdos, sentimientos, entorno, comportamiento e identidad. <b>Estas condiciones incluyen escapar de la realidad de formas que no son deseadas ni saludables.<\/b> Esto causa problemas en el control de la vida cotidiana.<\/p>\n<p class=\"paragraph\">El tratamiento para los trastornos disociativos puede incluir terapia de conversaci\u00f3n, tambi\u00e9n llamada psicoterapia, y medicamentos. <b>Tratar los trastornos disociativos puede ser dif\u00edcil,<\/b> pero muchas personas aprenden nuevas formas de afrontarlos y sus vidas mejoran.<\/p>\n","protected":false},"excerpt":{"rendered":"Morante de la Puebla caus\u00f3 una enorme conmoci\u00f3n el pasado domingo en la plaza de Las Ventas, donde&hellip;\n","protected":false},"author":2,"featured_media":195712,"comment_status":"","ping_status":"","sticky":false,"template":"","format":"standard","meta":{"footnotes":""},"categories":[277],"tags":[373,168,51701,25,24,1392,23,167,374,444],"class_list":{"0":"post-195711","1":"post","2":"type-post","3":"status-publish","4":"format-standard","5":"has-post-thumbnail","7":"category-toreo","8":"tag-bullfighting","9":"tag-deportes","10":"tag-enfermedad-mental","11":"tag-es","12":"tag-espana","13":"tag-morante-de-la-puebla","14":"tag-spain","15":"tag-sports","16":"tag-toreo","17":"tag-toros"},"share_on_mastodon":{"url":"https:\/\/pubeurope.com\/@es\/115422823938453352","error":""},"_links":{"self":[{"href":"https:\/\/www.europesays.com\/es\/wp-json\/wp\/v2\/posts\/195711","targetHints":{"allow":["GET"]}}],"collection":[{"href":"https:\/\/www.europesays.com\/es\/wp-json\/wp\/v2\/posts"}],"about":[{"href":"https:\/\/www.europesays.com\/es\/wp-json\/wp\/v2\/types\/post"}],"author":[{"embeddable":true,"href":"https:\/\/www.europesays.com\/es\/wp-json\/wp\/v2\/users\/2"}],"replies":[{"embeddable":true,"href":"https:\/\/www.europesays.com\/es\/wp-json\/wp\/v2\/comments?post=195711"}],"version-history":[{"count":0,"href":"https:\/\/www.europesays.com\/es\/wp-json\/wp\/v2\/posts\/195711\/revisions"}],"wp:featuredmedia":[{"embeddable":true,"href":"https:\/\/www.europesays.com\/es\/wp-json\/wp\/v2\/media\/195712"}],"wp:attachment":[{"href":"https:\/\/www.europesays.com\/es\/wp-json\/wp\/v2\/media?parent=195711"}],"wp:term":[{"taxonomy":"category","embeddable":true,"href":"https:\/\/www.europesays.com\/es\/wp-json\/wp\/v2\/categories?post=195711"},{"taxonomy":"post_tag","embeddable":true,"href":"https:\/\/www.europesays.com\/es\/wp-json\/wp\/v2\/tags?post=195711"}],"curies":[{"name":"wp","href":"https:\/\/api.w.org\/{rel}","templated":true}]}}