{"id":195713,"date":"2025-10-23T09:43:10","date_gmt":"2025-10-23T09:43:10","guid":{"rendered":"https:\/\/www.europesays.com\/es\/195713\/"},"modified":"2025-10-23T09:43:10","modified_gmt":"2025-10-23T09:43:10","slug":"fechas-y-rivales-del-masters-1-000-de-paris","status":"publish","type":"post","link":"https:\/\/www.europesays.com\/es\/195713\/","title":{"rendered":"fechas y rivales del Masters 1.000 de Par\u00eds"},"content":{"rendered":"<p class=\"paragraph\" id=\"paragraph_1\">La temporada ten\u00edstica 2025 llega a su fin y <strong>Carlos Alcaraz<\/strong> se prepara para afrontar el \u00faltimo <strong>Masters 1.000<\/strong> del a\u00f1o. Ser\u00e1 el de <strong>Par\u00eds<\/strong>, que se disputa entre el 27 de octubre y el 2 de noviembre.<\/p>\n<p class=\"paragraph\" id=\"paragraph_2\">Un torneo en el que el espa\u00f1ol buscar\u00e1 defender definitivamente el n\u00famero 1 y conquistar su noveno t\u00edtulo de la temporada. Viene de brillar en <strong>Tokio<\/strong> y, a pesar de la derrota frente a <strong>Sinner<\/strong> en el <strong>Six Kings Slam<\/strong>, llega en un momento de forma excelso. En los \u00faltimos meses est\u00e1 mostrando el mejor nivel de su carrera y parte como favorito a llevarse el t\u00edtulo.<\/p>\n<p class=\"paragraph\" id=\"paragraph_3\">Lo ser\u00e1 junto a Sinner. Como es costumbre en los \u00faltimos tiempos ambos podr\u00e1n verse las caras \u00fanicamente en la final en lo que ser\u00eda su s\u00e9ptimo cara a cara este a\u00f1o. De momento, el balance est\u00e1 a favor de Alcaraz con cuatro victorias por dos del italiano.<\/p>\n<p><img loading=\"lazy\" decoding=\"async\" alt=\"Jannik Sinner, jugando con Italia en las Finales de la Davis 2024\" height=\"180\" src=\"https:\/\/www.europesays.com\/es\/wp-content\/uploads\/2025\/10\/1003743978726_259486599_320x180.jpg\" width=\"320\" data-lazy-status=\"processed\" data-lazy-info=\"remove loading item 1\"\/><\/p>\n<p class=\"paragraph\" id=\"paragraph_4\">Par\u00eds ser\u00e1 un reto para el de <strong>El Palmar<\/strong>. Hasta el momento ha jugado en cuatro ocasiones y todav\u00eda no sabe lo que es pasar de los cuartos de final. Es uno de sus torneos &#8216;malditos&#8217; y este a\u00f1o tiene una oportunidad de oro para romper el maleficio.<\/p>\n<p>Su camino<\/p>\n<p class=\"paragraph\" id=\"paragraph_5\">Es preciso tener en cuenta que este evento introduce un cambio respecto a siete de los otros ocho Masters 1000 de la temporada, como es que el cuadro est\u00e1 constituido\u00a0por tan solo por 56 jugadores, en un cuadro de 64 espacios, estando exentos los ocho primeros cabezas de serie de disputar la primera ronda.<\/p>\n<p class=\"paragraph\" id=\"paragraph_6\">El sorteo del cuadro se celebrar\u00e1 este viernes 24 de octubre a las 18:30h, dejando el fin de semana para la disputa de la fase previa y arrancando el cuadro final ya el lunes 27 de octubre.<\/p>\n<p><img decoding=\"async\" alt=\"Carlos Alcaraz ejecuta un golpe en el King Six Slam.\" height=\"180\" loading=\"lazy\" width=\"320\" data-lazy-status=\"processed\" id=\"9e709b41f2\" src=\"https:\/\/www.elespanol.com\/deportes\/tenis\/20251022\/vuelve-jugar-carlos-alcaraz-fechas-rivales-masters-paris\/[\" https:=\"\" data-lazy-info=\"changed src\"\/><\/p>\n<p class=\"paragraph\" id=\"paragraph_7\">Las ausencias de <strong>Djokovic, Draper y Rune<\/strong> han alterado de forma significativa la disposici\u00f3n de los jefes de serie respecto al actual ranking ATP, permitiendo que <strong>Jakub Mensik, Alejandro Davidovich y Jiri Lehecka<\/strong> asuman ese papel.<\/p>\n<p class=\"paragraph\" id=\"paragraph_8\">Estos tres, junto a <strong>Bublik<\/strong>, se perfilan como posibles rivales en los octavos de final para Alcaraz, Sinner, <strong>Zverev y Fritz<\/strong>. Todos ellos representan amenazas reales para los favoritos, ya que poseen el nivel y las herramientas necesarias para sorprender en un torneo de la envergadura del de Par\u00eds.<\/p>\n<p class=\"paragraph\" id=\"paragraph_9\">En cuanto a los hipot\u00e9ticos cruces de cuartos de final para Alcaraz y Sinner, surgen los nombres de <strong>Shelton, De Mi\u00f1aur, Musetti y Ruud<\/strong>. El estadounidense llega con menos ritmo y confianza, aunque su poderoso servicio y estilo de juego ofensivo siempre son un riesgo en superficie interior.<\/p>\n<p class=\"paragraph\" id=\"paragraph_10\">Por su parte, el australiano, el italiano y el noruego probablemente est\u00e9n luchando por un puesto en las ATP Finals 2025, lo que les dar\u00e1 una motivaci\u00f3n extra para rendir al m\u00e1ximo.<\/p>\n","protected":false},"excerpt":{"rendered":"La temporada ten\u00edstica 2025 llega a su fin y Carlos Alcaraz se prepara para afrontar el \u00faltimo Masters&hellip;\n","protected":false},"author":2,"featured_media":195714,"comment_status":"","ping_status":"","sticky":false,"template":"","format":"standard","meta":{"footnotes":""},"categories":[274],"tags":[545,168,25,24,23,167,327,326],"class_list":{"0":"post-195713","1":"post","2":"type-post","3":"status-publish","4":"format-standard","5":"has-post-thumbnail","7":"category-tenis","8":"tag-carlos-alcaraz","9":"tag-deportes","10":"tag-es","11":"tag-espana","12":"tag-spain","13":"tag-sports","14":"tag-tenis","15":"tag-tennis"},"share_on_mastodon":{"url":"https:\/\/pubeurope.com\/@es\/115422836336913287","error":""},"_links":{"self":[{"href":"https:\/\/www.europesays.com\/es\/wp-json\/wp\/v2\/posts\/195713","targetHints":{"allow":["GET"]}}],"collection":[{"href":"https:\/\/www.europesays.com\/es\/wp-json\/wp\/v2\/posts"}],"about":[{"href":"https:\/\/www.europesays.com\/es\/wp-json\/wp\/v2\/types\/post"}],"author":[{"embeddable":true,"href":"https:\/\/www.europesays.com\/es\/wp-json\/wp\/v2\/users\/2"}],"replies":[{"embeddable":true,"href":"https:\/\/www.europesays.com\/es\/wp-json\/wp\/v2\/comments?post=195713"}],"version-history":[{"count":0,"href":"https:\/\/www.europesays.com\/es\/wp-json\/wp\/v2\/posts\/195713\/revisions"}],"wp:featuredmedia":[{"embeddable":true,"href":"https:\/\/www.europesays.com\/es\/wp-json\/wp\/v2\/media\/195714"}],"wp:attachment":[{"href":"https:\/\/www.europesays.com\/es\/wp-json\/wp\/v2\/media?parent=195713"}],"wp:term":[{"taxonomy":"category","embeddable":true,"href":"https:\/\/www.europesays.com\/es\/wp-json\/wp\/v2\/categories?post=195713"},{"taxonomy":"post_tag","embeddable":true,"href":"https:\/\/www.europesays.com\/es\/wp-json\/wp\/v2\/tags?post=195713"}],"curies":[{"name":"wp","href":"https:\/\/api.w.org\/{rel}","templated":true}]}}