{"id":195715,"date":"2025-10-23T09:44:08","date_gmt":"2025-10-23T09:44:08","guid":{"rendered":"https:\/\/www.europesays.com\/es\/195715\/"},"modified":"2025-10-23T09:44:08","modified_gmt":"2025-10-23T09:44:08","slug":"siero-celebra-el-sabado-su-cuarta-vuelta-ciclista-con-salida-de-la-fresneda","status":"publish","type":"post","link":"https:\/\/www.europesays.com\/es\/195715\/","title":{"rendered":"Siero celebra el s\u00e1bado su cuarta vuelta ciclista, con salida de La Fresneda"},"content":{"rendered":"<p class=\"ft-text\">Siero celebra este s\u00e1bado la cuarta edici\u00f3n de la vuelta ciclista al concejo, con salida a las 10.00 horas desde el polideportivo de La Fresneda.<\/p>\n<p class=\"ft-text\">Consistir\u00e1 en una ruta en bicicleta de carretera de 45 kil\u00f3metros, con participaci\u00f3n limitada a 49 ciclistas, con el objetivo de garantizar la seguridad y el correcto desarrollo del evento.<\/p>\n<p class=\"ft-text\">Las inscripciones para corredores federados se realizar\u00e1n a trav\u00e9s de la web Nesta.cc, mientras que los no federados podr\u00e1n formalizarlas por tel\u00e9fono (985 725 772) o de manera presencial en el Nuevo Polideportivo de Pola de Siero.<\/p>\n<p class=\"ft-text\">\u00a0\u00abLa Vuelta a Siero es una prueba que fomenta el deporte, la participaci\u00f3n y el disfrute del entorno natural del concejo\u201d, destac\u00f3 durante la presentaci\u00f3n el edil de Deportes, es\u00fas Abad.<\/p>\n","protected":false},"excerpt":{"rendered":"Siero celebra este s\u00e1bado la cuarta edici\u00f3n de la vuelta ciclista al concejo, con salida a las 10.00&hellip;\n","protected":false},"author":2,"featured_media":195716,"comment_status":"","ping_status":"","sticky":false,"template":"","format":"standard","meta":{"footnotes":""},"categories":[273],"tags":[6951,313,8621,312,168,25,24,3397,19973,23,167,1357],"class_list":{"0":"post-195715","1":"post","2":"type-post","3":"status-publish","4":"format-standard","5":"has-post-thumbnail","7":"category-ciclismo","8":"tag-celebra","9":"tag-ciclismo","10":"tag-cuarta","11":"tag-cycling","12":"tag-deportes","13":"tag-es","14":"tag-espana","15":"tag-sabado","16":"tag-siero","17":"tag-spain","18":"tag-sports","19":"tag-vuelta"},"share_on_mastodon":{"url":"https:\/\/pubeurope.com\/@es\/115422839934607518","error":""},"_links":{"self":[{"href":"https:\/\/www.europesays.com\/es\/wp-json\/wp\/v2\/posts\/195715","targetHints":{"allow":["GET"]}}],"collection":[{"href":"https:\/\/www.europesays.com\/es\/wp-json\/wp\/v2\/posts"}],"about":[{"href":"https:\/\/www.europesays.com\/es\/wp-json\/wp\/v2\/types\/post"}],"author":[{"embeddable":true,"href":"https:\/\/www.europesays.com\/es\/wp-json\/wp\/v2\/users\/2"}],"replies":[{"embeddable":true,"href":"https:\/\/www.europesays.com\/es\/wp-json\/wp\/v2\/comments?post=195715"}],"version-history":[{"count":0,"href":"https:\/\/www.europesays.com\/es\/wp-json\/wp\/v2\/posts\/195715\/revisions"}],"wp:featuredmedia":[{"embeddable":true,"href":"https:\/\/www.europesays.com\/es\/wp-json\/wp\/v2\/media\/195716"}],"wp:attachment":[{"href":"https:\/\/www.europesays.com\/es\/wp-json\/wp\/v2\/media?parent=195715"}],"wp:term":[{"taxonomy":"category","embeddable":true,"href":"https:\/\/www.europesays.com\/es\/wp-json\/wp\/v2\/categories?post=195715"},{"taxonomy":"post_tag","embeddable":true,"href":"https:\/\/www.europesays.com\/es\/wp-json\/wp\/v2\/tags?post=195715"}],"curies":[{"name":"wp","href":"https:\/\/api.w.org\/{rel}","templated":true}]}}