{"id":195717,"date":"2025-10-23T09:45:10","date_gmt":"2025-10-23T09:45:10","guid":{"rendered":"https:\/\/www.europesays.com\/es\/195717\/"},"modified":"2025-10-23T09:45:10","modified_gmt":"2025-10-23T09:45:10","slug":"la-euforia-mexicana-por-pato-oward-el-formidable-becario-de-mclaren","status":"publish","type":"post","link":"https:\/\/www.europesays.com\/es\/195717\/","title":{"rendered":"La euforia mexicana por Pato O\u2019Ward, el formidable becario de McLaren"},"content":{"rendered":"<p class=\"\">Patricio O\u2019Ward (Monterrey, 26 a\u00f1os) derrocha carisma a cada paso que da. Est\u00e1 en el lobby de un hotel antes de convivir con cientos de seguidores que le han esperado para verle. Muchas de sus aficionadas tienen sobre su cabeza un broche de un pato amarillo de peluche, camisetas color papaya y el m\u00f3vil en mano para intentar capturar una fotograf\u00eda del piloto. Hay quien est\u00e1 lejos del escenario montado en una plaza p\u00fablica, tan lejos que tiene que mirar hacia arriba para intentar captar algo con el zoom del celular mientras sostiene con la otra mano, con cierta fe, un plum\u00f3n por si hay oportunidad para un aut\u00f3grafo. <a href=\"https:\/\/elpais.com\/mexico\/2024-10-24\/patricio-oward-pone-su-nombre-en-la-lista-de-espera-en-la-formula-1.html\" target=\"_self\" rel=\"nofollow noopener\" title=\"https:\/\/elpais.com\/mexico\/2024-10-24\/patricio-oward-pone-su-nombre-en-la-lista-de-espera-en-la-formula-1.html\">O\u2019Ward,<\/a> como cantante de alguna banda de K-pop, tiene todo un ej\u00e9rcito de aficionados, tiene el empuje comercial y el talento, pero no un asiento de un F\u00f3rmula 1.<\/p>\n<p class=\"\">O\u2019Ward es uno de los pilotos de reserva de McLaren, el<a href=\"https:\/\/elpais.com\/deportes\/formula-1\/2025-10-05\/russell-se-luce-y-mclaren-respira-en-el-gp-de-singapur.html\" target=\"_self\" rel=\"nofollow noopener\" title=\"https:\/\/elpais.com\/deportes\/formula-1\/2025-10-05\/russell-se-luce-y-mclaren-respira-en-el-gp-de-singapur.html\"> bicampe\u00f3n del Mundial de constructores. <\/a>Tendr\u00e1 la oportunidad, por segundo a\u00f1o consecutivo, de subirse al auto de Lando Norris y probarlo durante las primeras pr\u00e1cticas de <a href=\"https:\/\/elpais.com\/mexico\/2025-10-20\/el-gran-premio-de-mexico-celebra-10-anos-tras-su-regreso-y-deja-al-pais-un-botin-de-20000-millones-de-pesos.html\" target=\"_self\" rel=\"nofollow noopener\" title=\"https:\/\/elpais.com\/mexico\/2025-10-20\/el-gran-premio-de-mexico-celebra-10-anos-tras-su-regreso-y-deja-al-pais-un-botin-de-20000-millones-de-pesos.html\">este viernes en el Gran Premio de M\u00e9xico<\/a>. \u201cSon m\u00e1quinas que est\u00e1n fuera de este planeta\u201d, dice el mexicano durante un encuentro con periodistas y aficionados. \u201cSon contadas las veces que te llegan las oportunidades. En cada vuelta tratas de sacarle todo\u201d, agreg\u00f3. Su rol se basa en ayudar al equipo en pruebas y pr\u00e1cticas. En caso de emergencia, puede suplir a Norris o a Oscar Piastri en la F1, pero de momento ambos est\u00e1n peleando el campeonato de pilotos de forma muy diplom\u00e1tica. \u201cLo han manejado de la mejor manera. Va a haber trancazos, van a existir, te lo firmo. Al final equipo ya gan\u00f3 el mundial de constructores, cada hombre por su cuenta. Es tiempo de que se pongan ellos como prioridad\u201d, mencion\u00f3 sobre la rivalidad.<\/p>\n<p class=\"\">El piloto pertenece a la estructura McLaren y corre en Estados Unidos en <a href=\"https:\/\/elpais.com\/deportes\/2025-08-11\/la-indy-se-le-queda-pequena-a-alex-palou.html\" target=\"_self\" rel=\"nofollow noopener\" title=\"https:\/\/elpais.com\/deportes\/2025-08-11\/la-indy-se-le-queda-pequena-a-alex-palou.html\">la IndyCar<\/a>. La pasada temporada, la de 2025, finaliz\u00f3 segundo en el campeonato en un a\u00f1o en el que ha mostrado su talento como nunca. Su mayor anhelo, ante todo, es ganar la Indy500, una de las grandes carreras del automovilismo. Y, claro, el campeonato. \u201cLleva a\u00f1os coquete\u00e1ndome la F\u00f3rmula 1, <a href=\"https:\/\/elpais.com\/mexico\/2023-11-24\/pato-oward-la-sensacion-mexicana-no-tan-secreta-del-automovilismo.html\" target=\"_self\" rel=\"nofollow noopener\" title=\"https:\/\/elpais.com\/mexico\/2023-11-24\/pato-oward-la-sensacion-mexicana-no-tan-secreta-del-automovilismo.html\">ya son siete a\u00f1os\u201d<\/a>, mencion\u00f3. \u201cSi logro hacer buenas aqu\u00ed [IndyCar], yo s\u00e9 que la oportunidad se me va a dar. No s\u00e9 d\u00f3nde ni con qui\u00e9n, pero siempre he tenido la fe de que se va a dar\u201d, lanz\u00f3 mientras espera a ponerse a las \u00f3rdenes de los ingenieros para descifrar qu\u00e9 tanto podr\u00e1 hacer el viernes en las pr\u00e1cticas: \u201cEl a\u00f1o pasado solo hice como 15 minutos de pr\u00e1ctica, hice seis buenas vueltas. Espero hacer una que otra vuelta m\u00e1s, no decido eso, me toca hacer lo que me pidan. Yo estoy contenido conque pueda rodar bien, no estar tan restringido\u201d.<\/p>\n<p><img decoding=\"auto\" class=\"_re lazyload a_m-h\" height=\"276\"  width=\"414\"  src=\"https:\/\/www.europesays.com\/es\/wp-content\/uploads\/2025\/10\/27HANWHS7NHAFHU7NGG6XA2QBE.jpeg\" loading=\"lazy\"\/>El piloto mexicano Patricio O&#8217;Ward durante un evento con aficionados este 22 de octubre en Ciudad de M\u00e9xico.Trajano Hern\u00e1ndez \/ Cortes\u00eda<\/p>\n<p class=\"\">Entre la multitud del evento organizado para O\u2019Ward emerge Pablo Palma con un empaque de coches miniatura, un par de chocolates y su credencial del Instituto Nacional Polit\u00e9cnico (IPN). Todo est\u00e1 firmado por el piloto. \u201cLe puse todo lo que \u00e9l pudiera firmar y firm\u00f3 todo. Esta es mi credencial porque me apasionan los carros y estudio ingenier\u00eda en sistemas automotrices\u201d, cuenta Palma, quien viaj\u00f3 dos horas y media desde Atizap\u00e1n. \u201cMe met\u00ed entre la gente y logr\u00e9 que me firmara mi letrero que dice \u2018te amo Pato\u2019. Estoy llena de nervios. Su carisma genera mucho. Tiene un im\u00e1n con las chavas, est\u00e1 guap\u00edsimo\u201d, cuenta Michelle de 17 a\u00f1os.<\/p>\n<p class=\"\">\u201cSomos entretenimiento. En las carreras de F\u00f3rmula 1 se han convertido en ir a ver a sus actores favoritos subirse a un carro multimillonario. Ha cambiado mucho la F1. Trato de ser aut\u00e9ntico y mi regla ha sido: \u2018No te atores, b\u00fascale c\u00f3mo crecer\u2019. Vamos a seguir, a ver a d\u00f3nde llega\u201d, coment\u00f3 O\u2019Ward antes de someterse a toda una sesi\u00f3n de fotograf\u00edas, firmas de aut\u00f3grafos y un evento masivo organizado por Nestl\u00e9. Es todo un hombre espect\u00e1culo que sabe muy bien d\u00f3nde est\u00e1n las c\u00e1maras y tiene el discurso adecuado para cada ocasi\u00f3n. Sigue en la lista de espera, aunque su plazo para llegar a la m\u00e1xima categor\u00eda empieza a agotarse porque, seg\u00fan reconoce, hay vida m\u00e1s all\u00e1 de la F1. <\/p>\n","protected":false},"excerpt":{"rendered":"Patricio O\u2019Ward (Monterrey, 26 a\u00f1os) derrocha carisma a cada paso que da. Est\u00e1 en el lobby de un&hellip;\n","protected":false},"author":2,"featured_media":195718,"comment_status":"","ping_status":"","sticky":false,"template":"","format":"standard","meta":{"footnotes":""},"categories":[270],"tags":[889,168,1764,25,27962,24,306,271,272,11596,21510,1804,1906,27477,11594,23,167],"class_list":{"0":"post-195717","1":"post","2":"type-post","3":"status-publish","4":"format-standard","5":"has-post-thumbnail","7":"category-formula-1","8":"tag-america","9":"tag-deportes","10":"tag-deportes-motor","11":"tag-es","12":"tag-escuderia-mclaren","13":"tag-espana","14":"tag-f1","15":"tag-formula-1","16":"tag-formula1","17":"tag-gp-mexico","18":"tag-indycar","19":"tag-latinoamerica","20":"tag-mexico","21":"tag-nestle","22":"tag-sergio-perez-mendoza","23":"tag-spain","24":"tag-sports"},"share_on_mastodon":{"url":"https:\/\/pubeurope.com\/@es\/115422843775882705","error":""},"_links":{"self":[{"href":"https:\/\/www.europesays.com\/es\/wp-json\/wp\/v2\/posts\/195717","targetHints":{"allow":["GET"]}}],"collection":[{"href":"https:\/\/www.europesays.com\/es\/wp-json\/wp\/v2\/posts"}],"about":[{"href":"https:\/\/www.europesays.com\/es\/wp-json\/wp\/v2\/types\/post"}],"author":[{"embeddable":true,"href":"https:\/\/www.europesays.com\/es\/wp-json\/wp\/v2\/users\/2"}],"replies":[{"embeddable":true,"href":"https:\/\/www.europesays.com\/es\/wp-json\/wp\/v2\/comments?post=195717"}],"version-history":[{"count":0,"href":"https:\/\/www.europesays.com\/es\/wp-json\/wp\/v2\/posts\/195717\/revisions"}],"wp:featuredmedia":[{"embeddable":true,"href":"https:\/\/www.europesays.com\/es\/wp-json\/wp\/v2\/media\/195718"}],"wp:attachment":[{"href":"https:\/\/www.europesays.com\/es\/wp-json\/wp\/v2\/media?parent=195717"}],"wp:term":[{"taxonomy":"category","embeddable":true,"href":"https:\/\/www.europesays.com\/es\/wp-json\/wp\/v2\/categories?post=195717"},{"taxonomy":"post_tag","embeddable":true,"href":"https:\/\/www.europesays.com\/es\/wp-json\/wp\/v2\/tags?post=195717"}],"curies":[{"name":"wp","href":"https:\/\/api.w.org\/{rel}","templated":true}]}}