{"id":195742,"date":"2025-10-23T09:59:08","date_gmt":"2025-10-23T09:59:08","guid":{"rendered":"https:\/\/www.europesays.com\/es\/195742\/"},"modified":"2025-10-23T09:59:08","modified_gmt":"2025-10-23T09:59:08","slug":"llama-darth-vader-a-su-director-de-presupuesto-por-recortar-fondos-democratas","status":"publish","type":"post","link":"https:\/\/www.europesays.com\/es\/195742\/","title":{"rendered":"llama \u00abDarth Vader\u00bb a su director de presupuesto por recortar fondos dem\u00f3cratas"},"content":{"rendered":"<p class=\"c-paragraph\"><b><a href=\"https:\/\/www.20minutos.es\/tags\/personas\/donald-trump.html\" title=\"Donald Trump\" rel=\"nofollow noopener\" target=\"_blank\">Donald Trump<\/a><\/b> volvi\u00f3 a protagonizar una de sus sorprendentes intervenciones en Washington. Durante un almuerzo con senadores republicanos en el Jard\u00edn de Rosas de la Casa Blanca, el presidente estadounidense sorprendi\u00f3 a los asistentes al presentar a su director de presupuesto, <b>Russ Vought<\/b>, como el \u00ab<a href=\"https:\/\/www.20minutos.es\/tags\/personas\/darth-vader.html\" title=\"Darth Vader\" rel=\"nofollow noopener\" target=\"_blank\">Darth Vader<\/a>\u00bb de su administraci\u00f3n. Entre bromas y cr\u00edticas a los dem\u00f3cratas, Trump compar\u00f3 a su colaborador con el ic\u00f3nico villano de Star Wars por su papel en los recortes de gasto federal.<\/p>\n<p class=\"c-paragraph\">\u00abTenemos a Darth Vader. \u00bfSaben qui\u00e9n es Darth Vader, verdad?\u00bb, pregunt\u00f3 el presidente ante una audiencia que lo escuchaba entre risas. El comentario, que en un principio pareci\u00f3 improvisado, fue seguido de un gesto hacia Vought, sentado entre los invitados. \u00abEs un buen tipo. Est\u00e1 haciendo un gran trabajo. <b>Est\u00e1 cortando las prioridades de los dem\u00f3cratas, y no las recuperar\u00e1n<\/b>\u00ab, a\u00f1adi\u00f3 Trump, en referencia a la estrategia de su Oficina de Presupuesto para frenar proyectos vinculados a estados o distritos gobernados por el Partido Dem\u00f3crata.<\/p>\n<p class=\"c-paragraph\">Lejos de tratarse de una cl\u00e1sica ocurrencia del republicano, el apodo al &#8216;Lord Sith&#8217; Vought muestra el posicionamiento creciente de este dentro del Ejecutivo. Se trata de una figura clave del think tank ultraconservador Heritage Foundation y uno de los arquitectos del plan Project 2025, convirti\u00e9ndose en el encargado de centralizar poder en la Casa Blanca y <b>reducir la autonom\u00eda de los organismos federales<\/b>. Sus decisiones presupuestarias, especialmente los recortes a proyectos de infraestructuras impulsados por gobernadores dem\u00f3cratas, lo han convertido en un baluarte de la administraci\u00f3n Trump.<\/p>\n<p class=\"c-paragraph\">El presidente tambi\u00e9n aprovech\u00f3 la ocasi\u00f3n para advertir a los suyos sobre el futuro pol\u00edtico del pa\u00eds. Pidi\u00f3 a los senadores republicanos \u00abganar las pr\u00f3ximas elecciones de mitad de mandato (midterms)\u00bb y asegur\u00f3 que, si los dem\u00f3cratas recuperan el Congreso, \u00ab<b>todo lo que hemos hecho ser\u00e1 desmantelado por los lun\u00e1ticos de la izquierda<\/b> radical\u00bb.\u00a0<\/p>\n","protected":false},"excerpt":{"rendered":"Donald Trump volvi\u00f3 a protagonizar una de sus sorprendentes intervenciones en Washington. Durante un almuerzo con senadores republicanos&hellip;\n","protected":false},"author":2,"featured_media":195743,"comment_status":"","ping_status":"","sticky":false,"template":"","format":"standard","meta":{"footnotes":""},"categories":[42],"tags":[17,18,43787,13,14,11,61,62,63,64,19,20,8500,9,10,15,16,524,12,936,21,22,14555,65,66,67],"class_list":{"0":"post-195742","1":"post","2":"type-post","3":"status-publish","4":"format-standard","5":"has-post-thumbnail","7":"category-internacional","8":"tag-breaking-news","9":"tag-breakingnews","10":"tag-darth","11":"tag-featured-news","12":"tag-featurednews","13":"tag-headlines","14":"tag-internacional","15":"tag-international","16":"tag-international-news","17":"tag-internationalnews","18":"tag-latest-news","19":"tag-latestnews","20":"tag-llama","21":"tag-news","22":"tag-noticias","23":"tag-noticias-destacadas","24":"tag-noticiasdestacadas","25":"tag-nuevo","26":"tag-titulares","27":"tag-trump","28":"tag-ultimas-noticias","29":"tag-ultimasnoticias","30":"tag-villano","31":"tag-world","32":"tag-world-news","33":"tag-worldnews"},"share_on_mastodon":{"url":"https:\/\/pubeurope.com\/@es\/115422898795694848","error":""},"_links":{"self":[{"href":"https:\/\/www.europesays.com\/es\/wp-json\/wp\/v2\/posts\/195742","targetHints":{"allow":["GET"]}}],"collection":[{"href":"https:\/\/www.europesays.com\/es\/wp-json\/wp\/v2\/posts"}],"about":[{"href":"https:\/\/www.europesays.com\/es\/wp-json\/wp\/v2\/types\/post"}],"author":[{"embeddable":true,"href":"https:\/\/www.europesays.com\/es\/wp-json\/wp\/v2\/users\/2"}],"replies":[{"embeddable":true,"href":"https:\/\/www.europesays.com\/es\/wp-json\/wp\/v2\/comments?post=195742"}],"version-history":[{"count":0,"href":"https:\/\/www.europesays.com\/es\/wp-json\/wp\/v2\/posts\/195742\/revisions"}],"wp:featuredmedia":[{"embeddable":true,"href":"https:\/\/www.europesays.com\/es\/wp-json\/wp\/v2\/media\/195743"}],"wp:attachment":[{"href":"https:\/\/www.europesays.com\/es\/wp-json\/wp\/v2\/media?parent=195742"}],"wp:term":[{"taxonomy":"category","embeddable":true,"href":"https:\/\/www.europesays.com\/es\/wp-json\/wp\/v2\/categories?post=195742"},{"taxonomy":"post_tag","embeddable":true,"href":"https:\/\/www.europesays.com\/es\/wp-json\/wp\/v2\/tags?post=195742"}],"curies":[{"name":"wp","href":"https:\/\/api.w.org\/{rel}","templated":true}]}}