{"id":195748,"date":"2025-10-23T10:02:07","date_gmt":"2025-10-23T10:02:07","guid":{"rendered":"https:\/\/www.europesays.com\/es\/195748\/"},"modified":"2025-10-23T10:02:07","modified_gmt":"2025-10-23T10:02:07","slug":"ilusionante-fin-de-semana-para-el-balonmano-cordobes","status":"publish","type":"post","link":"https:\/\/www.europesays.com\/es\/195748\/","title":{"rendered":"Ilusionante fin de semana para el balonmano cordob\u00e9s"},"content":{"rendered":"<p class=\"paragraph\">El balonmano de C\u00f3rdoba y provincia abre este fin de semana una ventana muy interesante en sus aspiraciones. El \u00c1ngel Xim\u00e9nez, antes del par\u00f3n, se mide ma\u00f1ana (20:30 horas) al BM Huesca en el Manuel Polinario. <b>Una oportunidad de oro, despu\u00e9s de la victoria en Segovia, para meter distancia con la zona de descenso.<\/b><\/p>\n<p class=\"paragraph\">Por su parte, el Rahi Sepisur C\u00f3rdoba regresar\u00e1 este fin de semana a la competici\u00f3n despu\u00e9s de haber dicho adi\u00f3s a la Copa de la Reina tras caer por 25-33 ante el Morvedre, un rival construido para otros desaf\u00edos. Las de Rafa Moreno comenzaron con ritmo y so\u00f1ando con dar la sorpresa, pero <b>el paso de los minutos fue marcando la diferencia<\/b> entre una plantilla curtida en la \u00e9lite y otra que sigue peleando por estar el pr\u00f3ximo ejercicio en la Liga Iberdrola.<\/p>\n<p class=\"paragraph\">El arranque tuvo color cordob\u00e9s. Con un 6-4 en el minuto diez, las fuensantinas se soltaron en ataque y respondieron a cada golpe visitante. Pero la reacci\u00f3n del Morvedre fue inmediata: <b>un parcial de 1-6 antes del descanso rompi\u00f3 el equilibrio y dej\u00f3 el marcador en 11-16<\/b>, reflejando un desgaste evidente en las locales, que acusaron su corta rotaci\u00f3n y la ausencia de la pivote Andrea Roda.<\/p>\n<p class=\"paragraph\">Tras el paso por vestuarios, Adesal trat\u00f3 de apretar en defensa y no perder la cara al partido, pero los errores en la circulaci\u00f3n penalizaron. <b>El conjunto valenciano firm\u00f3 un parcial demoledor (0-5) que llev\u00f3 el duelo al 16-25 en el minuto 44.<\/b> A partir de ah\u00ed, el choque perdi\u00f3 historia, con un Morvedre superior que lleg\u00f3 a mandar por once tantos antes de la bocina final.<\/p>\n<p class=\"paragraph\">El equipo cordob\u00e9s, pese a la eliminaci\u00f3n, deja una buena imagen ante un adversario de mayor entidad y ya centra su mirada en la Liga. <b>El s\u00e1bado, a las 18:00 horas, espera el Soliss Pozuelo en una cancha complicada<\/b>.<\/p>\n<p class=\"paragraph\">Adem\u00e1s, tambi\u00e9n en categor\u00eda femenina, el Deza C\u00f3rdoba de balonmano regresa a la Divisi\u00f3n de Honor Plata para enfrentarse a domicilio al BM Pozuelo de Calatrava (s\u00e1bado, 20:00 horas). Y, en Primera Nacional, triple comparecencia en s\u00e1bado: el C\u00f3rdoba de Balonmano recibir\u00e1 en F\u00e1tima al BM M\u00e1laga a las 19:30 horas; La Salle visitar\u00e1 al BM Herencia a las 19:00 horas y, a la misma hora, el ARS de Palma del R\u00edo se enfrentar\u00e1 a domicilio al Alarcos de Ciudad Real.<\/p>\n","protected":false},"excerpt":{"rendered":"El balonmano de C\u00f3rdoba y provincia abre este fin de semana una ventana muy interesante en sus aspiraciones.&hellip;\n","protected":false},"author":2,"featured_media":160309,"comment_status":"","ping_status":"","sticky":false,"template":"","format":"standard","meta":{"footnotes":""},"categories":[278],"tags":[376,168,25,24,375,23,167],"class_list":{"0":"post-195748","1":"post","2":"type-post","3":"status-publish","4":"format-standard","5":"has-post-thumbnail","7":"category-balonmano","8":"tag-balonmano","9":"tag-deportes","10":"tag-es","11":"tag-espana","12":"tag-handball","13":"tag-spain","14":"tag-sports"},"share_on_mastodon":{"url":"https:\/\/pubeurope.com\/@es\/115422910613419999","error":""},"_links":{"self":[{"href":"https:\/\/www.europesays.com\/es\/wp-json\/wp\/v2\/posts\/195748","targetHints":{"allow":["GET"]}}],"collection":[{"href":"https:\/\/www.europesays.com\/es\/wp-json\/wp\/v2\/posts"}],"about":[{"href":"https:\/\/www.europesays.com\/es\/wp-json\/wp\/v2\/types\/post"}],"author":[{"embeddable":true,"href":"https:\/\/www.europesays.com\/es\/wp-json\/wp\/v2\/users\/2"}],"replies":[{"embeddable":true,"href":"https:\/\/www.europesays.com\/es\/wp-json\/wp\/v2\/comments?post=195748"}],"version-history":[{"count":0,"href":"https:\/\/www.europesays.com\/es\/wp-json\/wp\/v2\/posts\/195748\/revisions"}],"wp:featuredmedia":[{"embeddable":true,"href":"https:\/\/www.europesays.com\/es\/wp-json\/wp\/v2\/media\/160309"}],"wp:attachment":[{"href":"https:\/\/www.europesays.com\/es\/wp-json\/wp\/v2\/media?parent=195748"}],"wp:term":[{"taxonomy":"category","embeddable":true,"href":"https:\/\/www.europesays.com\/es\/wp-json\/wp\/v2\/categories?post=195748"},{"taxonomy":"post_tag","embeddable":true,"href":"https:\/\/www.europesays.com\/es\/wp-json\/wp\/v2\/tags?post=195748"}],"curies":[{"name":"wp","href":"https:\/\/api.w.org\/{rel}","templated":true}]}}