{"id":195749,"date":"2025-10-23T10:03:09","date_gmt":"2025-10-23T10:03:09","guid":{"rendered":"https:\/\/www.europesays.com\/es\/195749\/"},"modified":"2025-10-23T10:03:09","modified_gmt":"2025-10-23T10:03:09","slug":"elegidos-los-ganadores-de-los-premios-de-la-feria-taurina-2025","status":"publish","type":"post","link":"https:\/\/www.europesays.com\/es\/195749\/","title":{"rendered":"Elegidos los ganadores de los Premios de la Feria Taurina 2025"},"content":{"rendered":"<p><img decoding=\"async\" alt=\"[Img #11344]\" class=\"RichTextAlignRight\" src=\"https:\/\/www.europesays.com\/es\/wp-content\/uploads\/2025\/10\/8841_alvaroserrano-no-24-pamplinas-gn.jpg\" style=\"height:342px;width:500px;\"\/>El jurado de los premios \u201cTorre de Guadarrama\u201d ha elegido ya a los triunfadores de la Feria taurina 2025. Un reconocimiento que el Ayuntamiento de Guadarrama, a trav\u00e9s de la Concejal\u00eda de Festejos, realiza a quienes contribuyen, con su talento, a mejorar la afici\u00f3n y la fiesta de los toros en la localidad.<\/p>\n<p>La Feria Taurina se celebr\u00f3 durante las Fiestas patronales en Honor a San Miguel y San Francisco desde el 29 de septiembre al 5 de octubre de 2025.<\/p>\n<p>Cuatro festejos taurinos con los que tanto las ganader\u00edas, ganaderos y novilleros persiguieron el objetivo de ofrecer la mejor tarde a los aficionados a los toros.<\/p>\n<p>Los premios \u201cTorre de Guadarrama\u201d reconocen el esfuerzo, el valor, la profesionalidad y, por supuesto, el triunfo de cuantos han participado en la Feria Taurina de Guadarrama durante 2025, destacando la importancia que en los festejos taurinos tiene premiar el talento y la entrega que ganader\u00edas, ganaderos, novilleros y cuadrillas exhiben en cada festejo, en cada una de las oportunidades para mostrar el arte que rodea y determina a la fiesta de los toros y a quienes se entregan para hacerla brillar.<\/p>\n<p>Un objetivo por el que han sido reconocidos algunos de los participantes en las diferentes categor\u00edas de los premios.<\/p>\n<p>En la edici\u00f3n 2025, el premio al Triunfador de la Feria, a la Mejor Ganader\u00eda y Mejor Puyazo han quedado desiertos. Los premiados en el resto de las categor\u00edas han sido:<\/p>\n<ul>\n<li>Premio al Mejor Pe\u00f3n de Brega para <strong>DAVID ADALID<\/strong> por su actuaci\u00f3n con el cuarto novillo, n\u00ba 10, de nombre \u201cJuguetero\u201d de la ganader\u00eda Hijos de Celestino Cuadri, lidiado el 3 de octubre.<\/li>\n<li>Premio al Mejor Par de Banderillas para <strong>V\u00cdCTOR \u00c1LVAREZ <\/strong>por su actuaci\u00f3n frente al novillo lidiado en sexto lugar, con el n\u00ba 31 y de nombre Solitario, de la ganader\u00eda Hijos de Celestino Cuadri, el viernes 3 de octubre.<\/li>\n<li>Premio a la Mejor Faena para <strong>\u00c1LVARO SERRANO<\/strong> por su faena con el N\u00ba 24, de nombre Pamplinas, de la ganader\u00eda El Retamar, lidiado en tercer lugar el s\u00e1bado 4 de octubre.<\/li>\n<li>Premio al Mejor Novillo de la Feria para el N\u00ba 24, de nombre <strong>Pamplinas<\/strong>, de la ganader\u00eda El Retamar, lidiado el 4 de octubre en tercer lugar.<\/li>\n<li>Premio al Novillo Mejor Presentado para el N\u00ba 25, de nombre <strong>Ribete<\/strong>, de la ganader\u00eda Hijos de Celestino Cuadri, lidiado en 5\u00ba lugar en la tarde del 3 de octubre de 2025.<\/li>\n<li>Premio al Mejor Quite Art\u00edstico para <strong>\u00c1LVARO SERRANO<\/strong> con el 3\u00ba novillo de la tarde N\u00ba24 de nombre Pamplinas de El Retamar, lidiado el 4 de octubre.<\/li>\n<\/ul>\n<p>Los galardones ser\u00e1n entregados el pr\u00f3ximo viernes 7 de noviembre, a las 19:00 horas, en el Centro Cultural La Torre.<\/p>\n<p>El acto comenzar\u00e1 con la entrega de premios de los ganadores del Concurso de Fotograf\u00eda Taurina \u201cAyuntamiento de Guadarrama\u201d, organizado por la Concejal\u00eda de Festejos del Ayuntamiento de Guadarrama. Un certamen que premia las mejores im\u00e1genes de los festejos tanto en la plaza como en el recorrido del encierro, con el objetivo de promocionar la fiesta de los toros en Guadarrama.<\/p>\n","protected":false},"excerpt":{"rendered":"El jurado de los premios \u201cTorre de Guadarrama\u201d ha elegido ya a los triunfadores de la Feria taurina&hellip;\n","protected":false},"author":2,"featured_media":195750,"comment_status":"","ping_status":"","sticky":false,"template":"","format":"standard","meta":{"footnotes":""},"categories":[277],"tags":[373,168,25,24,712,54296,24902,54297,54298,23,167,374,54299],"class_list":{"0":"post-195749","1":"post","2":"type-post","3":"status-publish","4":"format-standard","5":"has-post-thumbnail","7":"category-toreo","8":"tag-bullfighting","9":"tag-deportes","10":"tag-es","11":"tag-espana","12":"tag-feria-taurina","13":"tag-feria-taurina-guadarrama","14":"tag-guadarrama","15":"tag-guadarrama-toros","16":"tag-premios-feria-taurina-guadarrama","17":"tag-spain","18":"tag-sports","19":"tag-toreo","20":"tag-torre-de-guadarrama"},"share_on_mastodon":{"url":"https:\/\/pubeurope.com\/@es\/115422914602074710","error":""},"_links":{"self":[{"href":"https:\/\/www.europesays.com\/es\/wp-json\/wp\/v2\/posts\/195749","targetHints":{"allow":["GET"]}}],"collection":[{"href":"https:\/\/www.europesays.com\/es\/wp-json\/wp\/v2\/posts"}],"about":[{"href":"https:\/\/www.europesays.com\/es\/wp-json\/wp\/v2\/types\/post"}],"author":[{"embeddable":true,"href":"https:\/\/www.europesays.com\/es\/wp-json\/wp\/v2\/users\/2"}],"replies":[{"embeddable":true,"href":"https:\/\/www.europesays.com\/es\/wp-json\/wp\/v2\/comments?post=195749"}],"version-history":[{"count":0,"href":"https:\/\/www.europesays.com\/es\/wp-json\/wp\/v2\/posts\/195749\/revisions"}],"wp:featuredmedia":[{"embeddable":true,"href":"https:\/\/www.europesays.com\/es\/wp-json\/wp\/v2\/media\/195750"}],"wp:attachment":[{"href":"https:\/\/www.europesays.com\/es\/wp-json\/wp\/v2\/media?parent=195749"}],"wp:term":[{"taxonomy":"category","embeddable":true,"href":"https:\/\/www.europesays.com\/es\/wp-json\/wp\/v2\/categories?post=195749"},{"taxonomy":"post_tag","embeddable":true,"href":"https:\/\/www.europesays.com\/es\/wp-json\/wp\/v2\/tags?post=195749"}],"curies":[{"name":"wp","href":"https:\/\/api.w.org\/{rel}","templated":true}]}}