{"id":195755,"date":"2025-10-23T10:08:14","date_gmt":"2025-10-23T10:08:14","guid":{"rendered":"https:\/\/www.europesays.com\/es\/195755\/"},"modified":"2025-10-23T10:08:14","modified_gmt":"2025-10-23T10:08:14","slug":"el-psoe-de-madrid-reclama-que-ayuso-haga-publico-el-coste-de-su-visita-a-la-formula-1-en-texas-le-estamos-pagando-todos-los-madrilenos-sus-caprichos-sociedad","status":"publish","type":"post","link":"https:\/\/www.europesays.com\/es\/195755\/","title":{"rendered":"El PSOE de Madrid reclama que Ayuso haga p\u00fablico el coste de su visita a la Formula 1 en Texas: \u00ab\u00bfLe estamos pagando todos los madrile\u00f1os sus caprichos?\u00bb | Sociedad"},"content":{"rendered":"<p class=\"loc\">Madrid<\/p>\n<p>Los socialistas vuelven a poner el foco en el pol\u00e9mico viaje de la presidenta Isabel D\u00edaz Ayuso a Estados Unidos, que coincidi\u00f3 con su cumplea\u00f1os, pero sobre todo en la asistencia de Ayuso al Gran Premio de Formula 1 en Austin. <\/p>\n<p>No tienen claro en el PSOE a qu\u00e9 ven\u00eda esa visita al circuito, en la que se dej\u00f3 ver con pilotos y autoridades, ni qui\u00e9n la pag\u00f3. Por eso han registrado una bater\u00eda de preguntas en la Asamblea para que el Gobierno regional publique la invitaci\u00f3n y detalle, entre otras cosas, cuantas personas m\u00e1s acudieron o cuanto costaron esas entradas. <\/p>\n<p>La portavoz del PSOE Mar Espinar cree que hay un patr\u00f3n en esos viajes en teor\u00eda oficiales y apunta tambi\u00e9n a la pareja de la presidenta: \u00ab\u00bfQui\u00e9n ha pagado esa entrada? \u00bfA cambio de qu\u00e9? \u00bfCon qui\u00e9n ha ido a la Formula 1? \u00bfElla sola, con alguien de su entorno, alg\u00fan ciudadano particular? \u00bfLe estamos pagando todos los madrile\u00f1os sus caprichos?\u00bb se pregunta Espinar que ve ese mismo patr\u00f3n \u00abcada vez que celebra su cumplea\u00f1os, cada vez que se le complica la situaci\u00f3n pol\u00edtica o que su entorno tiene problemas con la justicia\u00bb. Para los socialistas, Ayuso pone tierra de por medio \u00abcon el dinero de todos\u00bb.<\/p>\n<p>Entre las preguntas que el PSOE ha registrado en la Asamblea, adem\u00e1s de requerir informaci\u00f3n sobre el coste econ\u00f3mico, los socialistas reclaman conocer los criterios utilizados \u00abpara establecer el personal\u00bb que deb\u00eda recibir la invitaci\u00f3n y si la asistencia al circuito \u00abformaba parte de los acuerdos econ\u00f3micos que se iban firmar en Texas\u00bb, que era el motivo oficial del viaje.<\/p>\n","protected":false},"excerpt":{"rendered":"Madrid Los socialistas vuelven a poner el foco en el pol\u00e9mico viaje de la presidenta Isabel D\u00edaz Ayuso&hellip;\n","protected":false},"author":2,"featured_media":195756,"comment_status":"","ping_status":"","sticky":false,"template":"","format":"standard","meta":{"footnotes":""},"categories":[270],"tags":[168,25,24,306,271,272,23,167],"class_list":{"0":"post-195755","1":"post","2":"type-post","3":"status-publish","4":"format-standard","5":"has-post-thumbnail","7":"category-formula-1","8":"tag-deportes","9":"tag-es","10":"tag-espana","11":"tag-f1","12":"tag-formula-1","13":"tag-formula1","14":"tag-spain","15":"tag-sports"},"share_on_mastodon":{"url":"https:\/\/pubeurope.com\/@es\/115422934144767134","error":""},"_links":{"self":[{"href":"https:\/\/www.europesays.com\/es\/wp-json\/wp\/v2\/posts\/195755","targetHints":{"allow":["GET"]}}],"collection":[{"href":"https:\/\/www.europesays.com\/es\/wp-json\/wp\/v2\/posts"}],"about":[{"href":"https:\/\/www.europesays.com\/es\/wp-json\/wp\/v2\/types\/post"}],"author":[{"embeddable":true,"href":"https:\/\/www.europesays.com\/es\/wp-json\/wp\/v2\/users\/2"}],"replies":[{"embeddable":true,"href":"https:\/\/www.europesays.com\/es\/wp-json\/wp\/v2\/comments?post=195755"}],"version-history":[{"count":0,"href":"https:\/\/www.europesays.com\/es\/wp-json\/wp\/v2\/posts\/195755\/revisions"}],"wp:featuredmedia":[{"embeddable":true,"href":"https:\/\/www.europesays.com\/es\/wp-json\/wp\/v2\/media\/195756"}],"wp:attachment":[{"href":"https:\/\/www.europesays.com\/es\/wp-json\/wp\/v2\/media?parent=195755"}],"wp:term":[{"taxonomy":"category","embeddable":true,"href":"https:\/\/www.europesays.com\/es\/wp-json\/wp\/v2\/categories?post=195755"},{"taxonomy":"post_tag","embeddable":true,"href":"https:\/\/www.europesays.com\/es\/wp-json\/wp\/v2\/tags?post=195755"}],"curies":[{"name":"wp","href":"https:\/\/api.w.org\/{rel}","templated":true}]}}