{"id":195813,"date":"2025-10-23T10:40:07","date_gmt":"2025-10-23T10:40:07","guid":{"rendered":"https:\/\/www.europesays.com\/es\/195813\/"},"modified":"2025-10-23T10:40:07","modified_gmt":"2025-10-23T10:40:07","slug":"la-jueza-procesa-al-exfutbolista-del-espanyol-alvaro-aguado-por-un-caso-de-violacion-sociedad","status":"publish","type":"post","link":"https:\/\/www.europesays.com\/es\/195813\/","title":{"rendered":"La jueza procesa al exfutbolista del Espanyol \u00c1lvaro Aguado por un caso de violaci\u00f3n | Sociedad"},"content":{"rendered":"<p class=\"\">La titular del Juzgado de Instrucci\u00f3n n\u00famero 13 de Barcelona <a href=\"https:\/\/elpais.com\/sociedad\/2025-05-14\/el-jugador-del-espanyol-alvaro-aguado-niega-ante-la-jueza-haber-violado-a-una-empleada-del-club-y-asegura-que-fue-sexo-consentido.html\" target=\"_self\" rel=\"nofollow noopener\" title=\"https:\/\/elpais.com\/sociedad\/2025-05-14\/el-jugador-del-espanyol-alvaro-aguado-niega-ante-la-jueza-haber-violado-a-una-empleada-del-club-y-asegura-que-fue-sexo-consentido.html\">ha decidido procesar al exfutbolista del Espanyol \u00c1lvaro Aguado por una presunta agresi\u00f3n sexual<\/a> a una trabajadora del club, cometida en una discoteca de Barcelona durante los festejos del ascenso del equipo a Primera Divisi\u00f3n. Seg\u00fan ha avanzado Eldiario.es y confirma el Tribunal Superior de Justicia de Catalu\u00f1a, la decisi\u00f3n pone a las puertas del juicio al futbolista, a la espera de que tanto la v\u00edctima como la Fiscal\u00eda presenten sus acusaciones. <\/p>\n<p class=\"\">El auto del Juzgado de Instrucci\u00f3n n\u00famero 13 describe c\u00f3mo el futbolista \u201cpenetr\u00f3 vaginalmente, con fuerza\u201d a la joven, \u201cpidi\u00e9ndole ella que parara sin \u00e9xito\u201d, impidiendo el mismo Aguado que alguien desde el exterior del lavabo donde se produjo presuntamente la agresi\u00f3n accediera. Adem\u00e1s la oblig\u00f3 a practicarle una felaci\u00f3n. <\/p>\n<p class=\"\">La v\u00edctima, se\u00f1ala el escrito, reconoci\u00f3 en sus declaraciones no recordarlo todo y \u201ctener recuerdos puntuales\u201d de los hechos, que ocurrieron durante la fiesta que mantuvo el primer equipo con motivo del ascenso a la primera divisi\u00f3n de la Liga, el 24 de junio de 2024 en una discoteca de Barcelona. La joven admiti\u00f3 haber bebido alcohol, a lo que no estaba acostumbrada, y haber fumado de una cachimba, y que hab\u00eda manifestado a un amigo que no le gustaba Aguado y que no quer\u00eda bailar con \u00e9l. <\/p>\n<p class=\"\"><a href=\"https:\/\/elpais.com\/sociedad\/2025-05-14\/el-jugador-del-espanyol-alvaro-aguado-niega-ante-la-jueza-haber-violado-a-una-empleada-del-club-y-asegura-que-fue-sexo-consentido.html\" target=\"_self\" rel=\"nofollow noopener\" title=\"https:\/\/elpais.com\/sociedad\/2025-05-14\/el-jugador-del-espanyol-alvaro-aguado-niega-ante-la-jueza-haber-violado-a-una-empleada-del-club-y-asegura-que-fue-sexo-consentido.html\">Aguado admiti\u00f3 haber mantenido relaciones sexuales consentidas con la mujer<\/a> y asegur\u00f3 que fue ella quien se \u201cabalanz\u00f3\u201d \u2014seg\u00fan el auto\u2014 sobre \u00e9l, que no se encontraba bien, y que una vez entr\u00f3 ella en el ba\u00f1o, cerr\u00f3 la puerta, la volvi\u00f3 a abrir y le dijo al jugador: \u201c\u00bfno te atreves?\u201d. <\/p>\n<p class=\"\">La jueza considera, no obstante, que la versi\u00f3n de la mujer fue corroborada parcialmente por distintos testigos y que el informe forense contiene \u201cindicios suficientes\u201c para el procesamiento de Aguado, si bien otras personas presentes hablaron de \u201dactitud provocadora\u201d de ella. <\/p>\n","protected":false},"excerpt":{"rendered":"La titular del Juzgado de Instrucci\u00f3n n\u00famero 13 de Barcelona ha decidido procesar al exfutbolista del Espanyol \u00c1lvaro&hellip;\n","protected":false},"author":2,"featured_media":195814,"comment_status":"","ping_status":"","sticky":false,"template":"","format":"standard","meta":{"footnotes":""},"categories":[93],"tags":[16594,54384,168,25,24,282,1538,2128,11783,492,23,167,16595],"class_list":{"0":"post-195813","1":"post","2":"type-post","3":"status-publish","4":"format-standard","5":"has-post-thumbnail","7":"category-deportes","8":"tag-agresiones-sexuales","9":"tag-alvaro-aguado","10":"tag-deportes","11":"tag-es","12":"tag-espana","13":"tag-futbol","14":"tag-futbolistas","15":"tag-juicios","16":"tag-rcd-espanyol","17":"tag-sociedad","18":"tag-spain","19":"tag-sports","20":"tag-violaciones"},"share_on_mastodon":{"url":"https:\/\/pubeurope.com\/@es\/115423060093305625","error":""},"_links":{"self":[{"href":"https:\/\/www.europesays.com\/es\/wp-json\/wp\/v2\/posts\/195813","targetHints":{"allow":["GET"]}}],"collection":[{"href":"https:\/\/www.europesays.com\/es\/wp-json\/wp\/v2\/posts"}],"about":[{"href":"https:\/\/www.europesays.com\/es\/wp-json\/wp\/v2\/types\/post"}],"author":[{"embeddable":true,"href":"https:\/\/www.europesays.com\/es\/wp-json\/wp\/v2\/users\/2"}],"replies":[{"embeddable":true,"href":"https:\/\/www.europesays.com\/es\/wp-json\/wp\/v2\/comments?post=195813"}],"version-history":[{"count":0,"href":"https:\/\/www.europesays.com\/es\/wp-json\/wp\/v2\/posts\/195813\/revisions"}],"wp:featuredmedia":[{"embeddable":true,"href":"https:\/\/www.europesays.com\/es\/wp-json\/wp\/v2\/media\/195814"}],"wp:attachment":[{"href":"https:\/\/www.europesays.com\/es\/wp-json\/wp\/v2\/media?parent=195813"}],"wp:term":[{"taxonomy":"category","embeddable":true,"href":"https:\/\/www.europesays.com\/es\/wp-json\/wp\/v2\/categories?post=195813"},{"taxonomy":"post_tag","embeddable":true,"href":"https:\/\/www.europesays.com\/es\/wp-json\/wp\/v2\/tags?post=195813"}],"curies":[{"name":"wp","href":"https:\/\/api.w.org\/{rel}","templated":true}]}}