{"id":195821,"date":"2025-10-23T10:45:12","date_gmt":"2025-10-23T10:45:12","guid":{"rendered":"https:\/\/www.europesays.com\/es\/195821\/"},"modified":"2025-10-23T10:45:12","modified_gmt":"2025-10-23T10:45:12","slug":"un-buen-compromiso-zelenski-acepta-la-propuesta-de-trump-de-pausar-el-conflicto","status":"publish","type":"post","link":"https:\/\/www.europesays.com\/es\/195821\/","title":{"rendered":"\u00abUn buen compromiso\u00bb: Zelenski acepta la propuesta de Trump de pausar el conflicto"},"content":{"rendered":"<p>\n         Publicado<br \/>\n            23\/10\/2025 &#8211; 7:46 CEST\n            <\/p>\n<p>Congelar la guerra de Rusia a lo largo de los frentes actuales es \u00abun buen compromiso\u00bb, dijo el mi\u00e9rcoles el presidente de Ucrania, Volod\u00edmir Zelenski, reiterando su apoyo a la idea de <strong>un alto el fuego como primer paso hacia cualquier acuerdo<\/strong> para poner fin a la invasi\u00f3n a gran escala de Mosc\u00fa.<\/p>\n<p>\u00abCreo que fue un buen compromiso, pero no estoy seguro de que [Vlad\u00edmir] Putin lo respalde\u00bb, dijo Zelenski durante <strong>una visita a Noruega<\/strong>, a\u00f1adiendo que as\u00ed se lo comunic\u00f3 al presidente estadounidense, Donald Trump. \u00abNo es como un plan sobre c\u00f3mo detener totalmente la guerra, es sobre todo un plan de alto el fuego\u00bb.<\/p>\n<p>Kiev ha sugerido este enfoque desde las primeras conversaciones con Trump: alto el fuego inmediato e incondicional en Ucrania, seguido de <a href=\"https:\/\/es.euronews.com\/2025\/09\/06\/zelenski-rechaza-la-invitacion-de-putin-puede-venir-a-kiev\" rel=\"nofollow noopener\" target=\"_blank\">conversaciones directas entre Zelenski y Putin<\/a>. El presidente estadounidense <strong>apoyaba esta idea al principio<\/strong>, antes de sugerir que Kiev y Mosc\u00fa deber\u00edan pasar directamente a las conversaciones sobre el acuerdo de paz, salt\u00e1ndose el paso del alto el fuego.<\/p>\n<p>La postura de Trump parece haber cambiado recientemente y a principios de esta semana dijo que congelar la guerra a lo largo de los frentes actuales <strong>es un paso necesario<\/strong>. \u00abPueden negociar algo m\u00e1s adelante. Pero yo he dicho parar y remitirse a la l\u00ednea de batalla\u00bb, dijo Trump poco antes de que<a href=\"https:\/\/es.euronews.com\/2025\/10\/22\/trump-putin-encuentro-budapest-perdida-tiempo\" rel=\"nofollow noopener\" target=\"_blank\"> se suspendiera una cumbre prevista con Putin<\/a> en Hungr\u00eda.<\/p>\n<p>Mosc\u00fa <strong>ha rechazado en todo momento la idea del alto el fuego<\/strong>, insistiendo en que la guerra continuar\u00e1 hasta que el Kremlin alcance <a href=\"https:\/\/es.euronews.com\/2025\/10\/21\/kremlin-exigencias-conversacion-trump-putin\" rel=\"nofollow noopener\" target=\"_blank\">sus objetivos declarados<\/a>, que Mosc\u00fa denomina \u00abcausas profundas\u00bb, el argumento que ha utilizado repetidamente para justificar su invasi\u00f3n de Ucrania.<\/p>\n<p>Seg\u00fan Mosc\u00fa, <strong>esas \u00abcausas profundas\u00bb<\/strong> incluyen las aspiraciones de Ucrania de ingresar tanto en la UE como en la OTAN, as\u00ed como la supuesta violaci\u00f3n por parte de la OTAN de sus compromisos de no expandirse hacia el este, la supuesta discriminaci\u00f3n del Gobierno ucraniano contra los rusos y lo que Putin llama la \u00abdesnazificaci\u00f3n\u00bb de Ucrania.<\/p>\n<p><strong>Sin alto el fuego no hay reuni\u00f3n<\/strong><\/p>\n<p>La negativa de Mosc\u00fa a cesar los combates en las actuales l\u00edneas de conflicto era <strong>un punto de fricci\u00f3n para la reuni\u00f3n Trump-Putin<\/strong>, prevista inicialmente para finales de octubre o principios de noviembre en Budapest.<\/p>\n<p>Incluso la reuni\u00f3n entre el secretario de Estado de EE.UU., Marco Rubio, y el ministro de Asuntos Exteriores de Rusia, Sergu\u00e9i Lavrov, ha sido aplazada indefinidamente tras la llamada telef\u00f3nica. El martes, al comentar por qu\u00e9 se aplaz\u00f3 su reuni\u00f3n con Putin, Trump dijo que <strong>no quer\u00eda un \u00bb desperdicio de reuni\u00f3n\u00bb<\/strong>.<\/p>\n<p>Trump y Putin <a href=\"https:\/\/es.euronews.com\/2025\/08\/16\/asi-fue-la-cumbre-trump-putin-en-alaska-sobre-un-posible-alto-el-fuego-con-ucrania\" rel=\"nofollow noopener\" target=\"_blank\">se reunieron por \u00faltima vez en Alaska<\/a> en agosto, durante una cumbre organizada apresuradamente <strong>que no arroj\u00f3 resultados concretos<\/strong>. Pero el presidente estadounidense dijo que Putin le asegur\u00f3 que quiere llegar a un acuerdo de paz para poner fin a su guerra contra Ucrania. Desde entonces, Trump ha intentado organizar conversaciones directas Mosc\u00fa-Kiev, pero el Kremlin ha rechazado la idea.<\/p>\n<p><strong>Apoyo de la UE al plan de alto el fuego<\/strong><\/p>\n<p>En v\u00edsperas de la cumbre de la UE que se celebra este jueves en Bruselas, los l\u00edderes europeos y Zelenski <strong>emitieron una declaraci\u00f3n conjunta<\/strong> en la que <a href=\"https:\/\/es.euronews.com\/my-europe\/2025\/10\/21\/europa-respalda-la-propuesta-de-paz-de-trump-que-mantendria-la-frontera-actual-en-ucrania\" rel=\"nofollow noopener\" target=\"_blank\">piden un alto el fuego a lo largo de las actuales l\u00edneas del frente<\/a> en Ucrania. \u00abSeguimos comprometidos con el principio de que las fronteras internacionales no deben modificarse por la fuerza\u00bb, reza la declaraci\u00f3n.<\/p>\n<p>Desde Bruselas, Zelenski viajar\u00e1 a Londres el viernes para asistir a una reuni\u00f3n de la llamada Coalici\u00f3n de los Voluntarios en un renovado impulso de Kiev para reunir a los socios occidentales de Ucrania y ganarse conjuntamente a Trump con su visi\u00f3n <strong>y, posiblemente, con un plan para presionar a Mosc\u00fa<\/strong> a un alto el fuego.<\/p>\n<p>El secretario general de la OTAN, Mark Rutte, <strong>ha afirmado este mi\u00e9rcoles<\/strong> que tiene \u00abtotal confianza en el presidente Trump\u00bb y en \u00absu liderazgo para poner fin a la guerra de Rusia en Ucrania\u00bb. \u00abEl presidente fue muy claro este fin de semana, diciendo que paren donde est\u00e1n, lo que suena simple pero tambi\u00e9n es exactamente correcto\u00bb, dijo Rutte en Washington tras <a href=\"https:\/\/es.euronews.com\/2025\/10\/23\/trump-anuncia-nuevas-sanciones-rusia\" rel=\"nofollow noopener\" target=\"_blank\">ser recibido por Trump en la Casa Blanca<\/a>.<\/p>\n","protected":false},"excerpt":{"rendered":"Publicado 23\/10\/2025 &#8211; 7:46 CEST Congelar la guerra de Rusia a lo largo de los frentes actuales es&hellip;\n","protected":false},"author":2,"featured_media":195822,"comment_status":"","ping_status":"","sticky":false,"template":"","format":"standard","meta":{"footnotes":""},"categories":[42],"tags":[17,18,352,629,13,14,7419,11,61,62,63,64,19,20,9,10,15,16,1613,12,7081,21,22,14181,65,66,67],"class_list":{"0":"post-195821","1":"post","2":"type-post","3":"status-publish","4":"format-standard","5":"has-post-thumbnail","7":"category-internacional","8":"tag-breaking-news","9":"tag-breakingnews","10":"tag-donald-trump","11":"tag-estados-unidos","12":"tag-featured-news","13":"tag-featurednews","14":"tag-guerra-en-ucrania","15":"tag-headlines","16":"tag-internacional","17":"tag-international","18":"tag-international-news","19":"tag-internationalnews","20":"tag-latest-news","21":"tag-latestnews","22":"tag-news","23":"tag-noticias","24":"tag-noticias-destacadas","25":"tag-noticiasdestacadas","26":"tag-otan","27":"tag-titulares","28":"tag-ucrania","29":"tag-ultimas-noticias","30":"tag-ultimasnoticias","31":"tag-volodimir-zelenski","32":"tag-world","33":"tag-world-news","34":"tag-worldnews"},"share_on_mastodon":{"url":"https:\/\/pubeurope.com\/@es\/115423079881343492","error":""},"_links":{"self":[{"href":"https:\/\/www.europesays.com\/es\/wp-json\/wp\/v2\/posts\/195821","targetHints":{"allow":["GET"]}}],"collection":[{"href":"https:\/\/www.europesays.com\/es\/wp-json\/wp\/v2\/posts"}],"about":[{"href":"https:\/\/www.europesays.com\/es\/wp-json\/wp\/v2\/types\/post"}],"author":[{"embeddable":true,"href":"https:\/\/www.europesays.com\/es\/wp-json\/wp\/v2\/users\/2"}],"replies":[{"embeddable":true,"href":"https:\/\/www.europesays.com\/es\/wp-json\/wp\/v2\/comments?post=195821"}],"version-history":[{"count":0,"href":"https:\/\/www.europesays.com\/es\/wp-json\/wp\/v2\/posts\/195821\/revisions"}],"wp:featuredmedia":[{"embeddable":true,"href":"https:\/\/www.europesays.com\/es\/wp-json\/wp\/v2\/media\/195822"}],"wp:attachment":[{"href":"https:\/\/www.europesays.com\/es\/wp-json\/wp\/v2\/media?parent=195821"}],"wp:term":[{"taxonomy":"category","embeddable":true,"href":"https:\/\/www.europesays.com\/es\/wp-json\/wp\/v2\/categories?post=195821"},{"taxonomy":"post_tag","embeddable":true,"href":"https:\/\/www.europesays.com\/es\/wp-json\/wp\/v2\/tags?post=195821"}],"curies":[{"name":"wp","href":"https:\/\/api.w.org\/{rel}","templated":true}]}}