{"id":195843,"date":"2025-10-23T10:59:12","date_gmt":"2025-10-23T10:59:12","guid":{"rendered":"https:\/\/www.europesays.com\/es\/195843\/"},"modified":"2025-10-23T10:59:12","modified_gmt":"2025-10-23T10:59:12","slug":"alfaguara-publica-este-jueves-el-ultimo-libro-de-articulos-de-javier-marias-asi-que-pasen-treinta-anos","status":"publish","type":"post","link":"https:\/\/www.europesays.com\/es\/195843\/","title":{"rendered":"Alfaguara publica este jueves el \u00faltimo libro de art\u00edculos de Javier Mar\u00edas, &#8216;As\u00ed que pasen treinta a\u00f1os&#8217;"},"content":{"rendered":"<p><img id=\"fotoPrincipalNoticia\" src=\"https:\/\/www.europesays.com\/es\/wp-content\/uploads\/2025\/10\/fotonoticia_20251023120205_690.jpg\" loading=\"eager\" decoding=\"async\" style=\"view-transition-name: fechor_20251023120205;\" border=\"0\" alt=\"Archivo - FILED - 21 January 2006, Berlin: Spanish writer Javier Marias, pictured in Berlin. One of Spain's most important and successful contemporary writers, Javier Marias, has died at the age of 70, Spain's Minister of Culture Miquel Iceta confirmed on\" fetchpriority=\"high\" title=\"Alfaguara publica este jueves el \u00faltimo libro de art\u00edculos de Javier Mar\u00edas, 'As\u00ed que pasen treinta a\u00f1os'\" width=\"690\" height=\"460\" itemprop=\"image\"\/><\/p>\n<p>Archivo &#8211; FILED &#8211; 21 January 2006, Berlin: Spanish writer Javier Marias, pictured in Berlin. One of Spain&#8217;s most important and successful contemporary writers, Javier Marias, has died at the age of 70, Spain&#8217;s Minister of Culture Miquel Iceta confirmed on &#8211; Jens Kalaene\/dpa-Zentralbild\/dpa &#8211; Archivo<\/p>\n<p>\u00a0\u00a0\u00a0 MADRID, 23 Oct. (EUROPA PRESS) &#8211; <\/p>\n<p>\u00a0\u00a0\u00a0La editorial Alfaguara publica este jueves <strong>el \u00faltimo libro de art\u00edculos de Javier Mar\u00edas, &#8216;As\u00ed que pasen treinta a\u00f1os&#8217;<\/strong>, que fallec\u00eda en 2022.<\/p>\n<p>\u00a0\u00a0\u00a0 Este volumen re\u00fane <strong>los setenta y cinco \u00faltimos art\u00edculos publicados por Mar\u00edas<\/strong> <strong>en su secci\u00f3n &#8216;La zona fantasma&#8217; <\/strong>del suplemento dominical &#8216;El Pa\u00eds Semanal&#8217; entre el 30 de enero de 2021 y el 11 de septiembre de 2022.<\/p>\n<p>\u00a0\u00a0\u00a0\u00ab<strong>En esta \u00e9poca tan polarizada pol\u00edticamente y en la que la cultura y la literatura se presentan como un refugio necesario, los art\u00edculos de Javier Mar\u00edas constituyeron cada semana una especie de cr\u00f3nica pol\u00edtica, cultural y social de los tiempos que vivimos<\/strong>. Sus textos evitan los convencionalismos, cualquier lugar com\u00fan y lo pol\u00edticamente correcto para ofrecer al lector una muestra de lo que supone pensar en libertad de forma argumentada y con un estilo elegante en el que brilla tambi\u00e9n el sentido del humor de un escritor inmortal\u00bb, explica el sello editorial. <\/p>\n","protected":false},"excerpt":{"rendered":"Archivo &#8211; FILED &#8211; 21 January 2006, Berlin: Spanish writer Javier Marias, pictured in Berlin. One of Spain&#8217;s&hellip;\n","protected":false},"author":2,"featured_media":195844,"comment_status":"","ping_status":"","sticky":false,"template":"","format":"standard","meta":{"footnotes":""},"categories":[172],"tags":[224,146,147,25,24,225,23],"class_list":{"0":"post-195843","1":"post","2":"type-post","3":"status-publish","4":"format-standard","5":"has-post-thumbnail","7":"category-libros","8":"tag-books","9":"tag-entertainment","10":"tag-entretenimiento","11":"tag-es","12":"tag-espana","13":"tag-libros","14":"tag-spain"},"share_on_mastodon":{"url":"https:\/\/pubeurope.com\/@es\/115423134957907975","error":""},"_links":{"self":[{"href":"https:\/\/www.europesays.com\/es\/wp-json\/wp\/v2\/posts\/195843","targetHints":{"allow":["GET"]}}],"collection":[{"href":"https:\/\/www.europesays.com\/es\/wp-json\/wp\/v2\/posts"}],"about":[{"href":"https:\/\/www.europesays.com\/es\/wp-json\/wp\/v2\/types\/post"}],"author":[{"embeddable":true,"href":"https:\/\/www.europesays.com\/es\/wp-json\/wp\/v2\/users\/2"}],"replies":[{"embeddable":true,"href":"https:\/\/www.europesays.com\/es\/wp-json\/wp\/v2\/comments?post=195843"}],"version-history":[{"count":0,"href":"https:\/\/www.europesays.com\/es\/wp-json\/wp\/v2\/posts\/195843\/revisions"}],"wp:featuredmedia":[{"embeddable":true,"href":"https:\/\/www.europesays.com\/es\/wp-json\/wp\/v2\/media\/195844"}],"wp:attachment":[{"href":"https:\/\/www.europesays.com\/es\/wp-json\/wp\/v2\/media?parent=195843"}],"wp:term":[{"taxonomy":"category","embeddable":true,"href":"https:\/\/www.europesays.com\/es\/wp-json\/wp\/v2\/categories?post=195843"},{"taxonomy":"post_tag","embeddable":true,"href":"https:\/\/www.europesays.com\/es\/wp-json\/wp\/v2\/tags?post=195843"}],"curies":[{"name":"wp","href":"https:\/\/api.w.org\/{rel}","templated":true}]}}