{"id":195862,"date":"2025-10-23T11:11:08","date_gmt":"2025-10-23T11:11:08","guid":{"rendered":"https:\/\/www.europesays.com\/es\/195862\/"},"modified":"2025-10-23T11:11:08","modified_gmt":"2025-10-23T11:11:08","slug":"el-balonmano-mas-inclusivo-que-nunca-mas-deportes","status":"publish","type":"post","link":"https:\/\/www.europesays.com\/es\/195862\/","title":{"rendered":"El balonmano, m\u00e1s inclusivo que nunca | M\u00e1s deportes"},"content":{"rendered":"<p class=\"loc\">Aranda de Duero<\/p>\n<p>El Polideportivo Santiago Mangu\u00e1n ha sido testigo este jueves de la presentaci\u00f3n del primer Torneo de Balonmano Inclusivo ASOBAL, que se desarrollar\u00e1 el s\u00e1bado 1 de noviembre, en horario de ma\u00f1ana, en el pabell\u00f3n arandino. Gracias a un acuerdo a tres bandas entre la liga profesional, el consistorio y el Villa de Aranda, se ha obrado la posibilidad de que cuatro equipos de la m\u00e1xima categor\u00eda que cuentan con divisi\u00f3n inclusiva, participen en esta iniciativa. <\/p>\n<p>M\u00e1s informaci\u00f3n<\/p>\n<p>As\u00ed, Cuenca, Guadalajara, Torrelavega y Aranda -con equipo inclusivo en colaboraci\u00f3n con ASADEMA, creado hace ya cuatro a\u00f1os- competir\u00e1n sobre la pista en una jornada muy especial de balonmano y fraternidad. Antonio Minguito y Ricardo Garc\u00eda, entrenadores de este conjunto, destacaban la ilusi\u00f3n que ha despertado la cita en los 15-16 jugadores que conforman este equipo. \u00abYa est\u00e1n nerviosos pregunt\u00e1ndonos que cu\u00e1ndo llegan las camisetas y las chaquetas. Porque al final son un equipo m\u00e1s del club. Siempre que vamos a entrenar nos preguntan por c\u00f3mo est\u00e1n nuestras familias, desconectamos, nos divertimos&#8230; Yo creo que nos ayudan m\u00e1s a nosotros que nosotros a ellos\u00bb, reconocen, poniendo en valor que esta fue una iniciativa que en su d\u00eda propuso el ex entrenador amarillo Alberto Su\u00e1rez.<\/p>\n<p>Los partidos -de dos partes de 10 minutos- se desarrollar\u00e1n desde las 10 horas del s\u00e1bado 1 de noviembre, en un formato de &#8216;todos contra todos&#8217;. Al t\u00e9rmino del mismo se desplazar\u00e1n hasta Inacua, donde comer\u00e1n en Tudanca fraternalmente como cierre a una jornada muy especial, pionera, y que a buen seguro tendr\u00e1 continuidad en otros a\u00f1os. Servando Revuelta, presidente de ASOBAL y tambi\u00e9n presente en la cita, recordaba que la intenci\u00f3n es demostrar que este deporte va m\u00e1s all\u00e1 de resultados o de una clasificaci\u00f3n, y sacaba pecho de pabellones y ciudades como Aranda donde se profesa el balonmano, hasta el punto de tener un equipo inclusivo y so\u00f1ador. <\/p>\n","protected":false},"excerpt":{"rendered":"Aranda de Duero El Polideportivo Santiago Mangu\u00e1n ha sido testigo este jueves de la presentaci\u00f3n del primer Torneo&hellip;\n","protected":false},"author":2,"featured_media":195863,"comment_status":"","ping_status":"","sticky":false,"template":"","format":"standard","meta":{"footnotes":""},"categories":[278],"tags":[376,168,25,24,375,23,167],"class_list":{"0":"post-195862","1":"post","2":"type-post","3":"status-publish","4":"format-standard","5":"has-post-thumbnail","7":"category-balonmano","8":"tag-balonmano","9":"tag-deportes","10":"tag-es","11":"tag-espana","12":"tag-handball","13":"tag-spain","14":"tag-sports"},"share_on_mastodon":{"url":"https:\/\/pubeurope.com\/@es\/115423181745003569","error":""},"_links":{"self":[{"href":"https:\/\/www.europesays.com\/es\/wp-json\/wp\/v2\/posts\/195862","targetHints":{"allow":["GET"]}}],"collection":[{"href":"https:\/\/www.europesays.com\/es\/wp-json\/wp\/v2\/posts"}],"about":[{"href":"https:\/\/www.europesays.com\/es\/wp-json\/wp\/v2\/types\/post"}],"author":[{"embeddable":true,"href":"https:\/\/www.europesays.com\/es\/wp-json\/wp\/v2\/users\/2"}],"replies":[{"embeddable":true,"href":"https:\/\/www.europesays.com\/es\/wp-json\/wp\/v2\/comments?post=195862"}],"version-history":[{"count":0,"href":"https:\/\/www.europesays.com\/es\/wp-json\/wp\/v2\/posts\/195862\/revisions"}],"wp:featuredmedia":[{"embeddable":true,"href":"https:\/\/www.europesays.com\/es\/wp-json\/wp\/v2\/media\/195863"}],"wp:attachment":[{"href":"https:\/\/www.europesays.com\/es\/wp-json\/wp\/v2\/media?parent=195862"}],"wp:term":[{"taxonomy":"category","embeddable":true,"href":"https:\/\/www.europesays.com\/es\/wp-json\/wp\/v2\/categories?post=195862"},{"taxonomy":"post_tag","embeddable":true,"href":"https:\/\/www.europesays.com\/es\/wp-json\/wp\/v2\/tags?post=195862"}],"curies":[{"name":"wp","href":"https:\/\/api.w.org\/{rel}","templated":true}]}}