{"id":195878,"date":"2025-10-23T11:22:07","date_gmt":"2025-10-23T11:22:07","guid":{"rendered":"https:\/\/www.europesays.com\/es\/195878\/"},"modified":"2025-10-23T11:22:07","modified_gmt":"2025-10-23T11:22:07","slug":"platero-ha-che-la-edicion-guarani-de-obra-de-juan-ramon-jimenez-fue-presentada-en-paraguay","status":"publish","type":"post","link":"https:\/\/www.europesays.com\/es\/195878\/","title":{"rendered":"&#8216;Platero ha che&#8217;, la edici\u00f3n guaran\u00ed de obra de Juan Ram\u00f3n Jim\u00e9nez fue presentada en Paraguay"},"content":{"rendered":"<p>La <strong>edici\u00f3n biling\u00fce, en espa\u00f1ol y guaran\u00ed,<\/strong> de la obra <strong><a href=\"https:\/\/www.clarin.com\/sociedad\/Platero-libro-adultos-leimos-candor_0_B1cWwXkjDXl.html\" target=\"_blank\" title=\"Platero y yo\" alt=\"Platero y yo\" rel=\"nofollow noopener\">Platero y yo<\/a><\/strong>, del <a href=\"https:\/\/www.clarin.com\/cultura\/publican-libro-inedito-autor-platero_0_HJPL1BHTl.html\" target=\"_blank\" title=\"autor \" alt=\"autor \" rel=\"nofollow noopener\">autor <\/a>espa\u00f1ol <strong><a href=\"https:\/\/www.clarin.com\/rn\/literatura\/Platero-burrito_0_S1wK80sjv7e.html\" target=\"_blank\" title=\"Juan Ram\u00f3n Jim\u00e9nez\" alt=\"Juan Ram\u00f3n Jim\u00e9nez\" rel=\"nofollow noopener\">Juan Ram\u00f3n Jim\u00e9nez<\/a><\/strong>, fue presentada en <strong>Asunci\u00f3n <\/strong>con el t\u00edtulo <strong>Platero ha che<\/strong>, en un acto en el que representantes de Espa\u00f1a y Paraguay destacaron la integraci\u00f3n cultural y <strong>la <a href=\"https:\/\/www.clarin.com\/cultura\/moguer-pueblo-natal-escenario-obra_0_HkBnmA1Bz.html\" target=\"_blank\" title=\"donaci\u00f3n \" alt=\"donaci\u00f3n \" rel=\"nofollow noopener\">donaci\u00f3n <\/a>de 1.400 ejemplares para las escuelas del pa\u00eds.<\/strong><\/p>\n<p>El embajador de Espa\u00f1a, Javier Parrondo, afirm\u00f3 que la ceremonia <strong>acerca a ambos pa\u00edses a trav\u00e9s de una de las grandes obras de la literatura universal<\/strong> y agreg\u00f3 que la actividad forma parte del programa &#8216;Aires de Espa\u00f1a&#8217;, una agenda de eventos culturales que conmemoran durante octubre la fiesta nacional espa\u00f1ola.<\/p>\n<p>El director general del gabinete del Ministerio de Cultura, Humberto L\u00f3pez, se\u00f1al\u00f3 que <strong>con la traducci\u00f3n de la obra al guaran\u00ed \u00abno solo se abren p\u00e1ginas\u00bb, sino tambi\u00e9n \u00abse abren corazones\u00bb <\/strong>y que los paraguayos podr\u00e1n leer en su lengua materna \u00abese universo de ternura y belleza\u00bb.<\/p>\n<p>L\u00f3pez, que asisti\u00f3 a la ceremonia en representaci\u00f3n de la ministra de Cultura, Adriana Ortiz, dijo que<strong> la edici\u00f3n biling\u00fce Platero ha che recuerda que la literatura no tiene fronteras<\/strong> y que los pueblos al compartir sus valores \u00abno pierden absolutamente nada, se enriquecen mutuamente\u00bb.<\/p>\n<p>La obra, <strong>una coedici\u00f3n de la Diputaci\u00f3n Provincial de Huelva y la Asociaci\u00f3n Cultural Iberoamericana<\/strong>, fue traducida al guaran\u00ed por Juan Ram\u00f3n Fari\u00f1a y Gudelio B\u00e1ez y cuenta con ilustraciones del artista onubense Alfonso Aramburu.<\/p>\n<p>La diputada de Cultura de la Diputaci\u00f3n Provincial de Huelva, Gracia Baquero, destac\u00f3 que Juan Ram\u00f3n Jim\u00e9nez, desde su pueblo natal Moguer, escribi\u00f3 en 1914<strong> un libro que es \u00abun prodigio de sensibilidad, de belleza y tambi\u00e9n de sencillez\u00bb <\/strong>destacando los aspectos m\u00e1s aut\u00e9nticos \u00abdel alma humana\u00bb.<\/p>\n<p>Subray\u00f3 que Platero y yo es la obra m\u00e1s traducida del espa\u00f1ol despu\u00e9s de Don Quijote de la Mancha y <strong>remarc\u00f3 la importancia de tener esta edici\u00f3n en esa \u00abjoya cultural que es la lengua guaran\u00ed\u00bb.<\/strong><\/p>\n<p>Adem\u00e1s del guaran\u00ed, <strong>la obra tambi\u00e9n ha sido traducida al quechua y pr\u00f3ximamente se har\u00e1 con el n\u00e1huatl y el aimara<\/strong>, indic\u00f3 la jefa del Servicio de Cooperaci\u00f3n Internacional y Oficina Iberoamericana de la Diputaci\u00f3n de Huelva, Mar\u00eda Concepci\u00f3n Salas.<\/p>\n<p>Este mismo a\u00f1o pero en mayo, el libro ya hab\u00eda sido presentado en la <strong>Feria del Libro Posadas y Platero Ha Che circul\u00f3 entre lectores argentinos<\/strong> como la edici\u00f3n biling\u00fce guaran\u00ed-castellano del cl\u00e1sico universal Platero y Yo de Juan Ram\u00f3n Jim\u00e9nez.<\/p>\n<p>El evento, que congreg\u00f3 a<strong> figuras del \u00e1mbito cultural de Espa\u00f1a, Paraguay y Argentina<\/strong>, celebr\u00f3 la uni\u00f3n de lenguas y el fomento de lazos transfronterizos a trav\u00e9s de la literatura. El gobernador, Hugo Passalacqua, mantuvo una reuni\u00f3n, antes de la presentaci\u00f3n, con las autoridades de la Asociaci\u00f3n Cultural Iberoamericana y asegur\u00f3 que \u201cdesde el Gobierno de Misiones hacemos un gran esfuerzo para sostener y fortalecer nuestras bibliotecas p\u00fablicas\u201d.<\/p>\n<p>\u201cPor eso <strong>acompa\u00f1amos esta entrega con convicci\u00f3n<\/strong>: estas ediciones llegar\u00e1n a las escuelas y a las bibliotecas p\u00fablicas de Misiones, donde ser\u00e1n verdaderamente valoradas como herramientas culturales y educativas\u201d, indic\u00f3 el mandatario.<\/p>\n","protected":false},"excerpt":{"rendered":"La edici\u00f3n biling\u00fce, en espa\u00f1ol y guaran\u00ed, de la obra Platero y yo, del autor espa\u00f1ol Juan Ram\u00f3n&hellip;\n","protected":false},"author":2,"featured_media":195879,"comment_status":"","ping_status":"","sticky":false,"template":"","format":"standard","meta":{"footnotes":""},"categories":[172],"tags":[224,146,147,25,24,225,23],"class_list":{"0":"post-195878","1":"post","2":"type-post","3":"status-publish","4":"format-standard","5":"has-post-thumbnail","7":"category-libros","8":"tag-books","9":"tag-entertainment","10":"tag-entretenimiento","11":"tag-es","12":"tag-espana","13":"tag-libros","14":"tag-spain"},"share_on_mastodon":{"url":"https:\/\/pubeurope.com\/@es\/115423225268765751","error":""},"_links":{"self":[{"href":"https:\/\/www.europesays.com\/es\/wp-json\/wp\/v2\/posts\/195878","targetHints":{"allow":["GET"]}}],"collection":[{"href":"https:\/\/www.europesays.com\/es\/wp-json\/wp\/v2\/posts"}],"about":[{"href":"https:\/\/www.europesays.com\/es\/wp-json\/wp\/v2\/types\/post"}],"author":[{"embeddable":true,"href":"https:\/\/www.europesays.com\/es\/wp-json\/wp\/v2\/users\/2"}],"replies":[{"embeddable":true,"href":"https:\/\/www.europesays.com\/es\/wp-json\/wp\/v2\/comments?post=195878"}],"version-history":[{"count":0,"href":"https:\/\/www.europesays.com\/es\/wp-json\/wp\/v2\/posts\/195878\/revisions"}],"wp:featuredmedia":[{"embeddable":true,"href":"https:\/\/www.europesays.com\/es\/wp-json\/wp\/v2\/media\/195879"}],"wp:attachment":[{"href":"https:\/\/www.europesays.com\/es\/wp-json\/wp\/v2\/media?parent=195878"}],"wp:term":[{"taxonomy":"category","embeddable":true,"href":"https:\/\/www.europesays.com\/es\/wp-json\/wp\/v2\/categories?post=195878"},{"taxonomy":"post_tag","embeddable":true,"href":"https:\/\/www.europesays.com\/es\/wp-json\/wp\/v2\/tags?post=195878"}],"curies":[{"name":"wp","href":"https:\/\/api.w.org\/{rel}","templated":true}]}}