{"id":195897,"date":"2025-10-23T11:34:07","date_gmt":"2025-10-23T11:34:07","guid":{"rendered":"https:\/\/www.europesays.com\/es\/195897\/"},"modified":"2025-10-23T11:34:07","modified_gmt":"2025-10-23T11:34:07","slug":"puente-genil-un-examen-muy-duro-para-un-bada-huesca-con-sed-de-victoria","status":"publish","type":"post","link":"https:\/\/www.europesays.com\/es\/195897\/","title":{"rendered":"Puente Genil, un examen \u00abmuy duro\u00bb para un Bada Huesca con sed de victoria"},"content":{"rendered":"<p class=\"paragraph\">Con sed de victoria despu\u00e9s de tres derrotas y un empate, el <a href=\"https:\/\/www.heraldo.es\/tags\/instituciones_empresas\/bm_huesca.html\" title=\"BM Huesca\" rel=\"nofollow noopener\" target=\"_blank\">Bada Huesca<\/a> viaja hasta Puente Genil en busca de dos puntos que insuflar\u00edan importante ox\u00edgeno al equipo oscense, 13\u00ba con tres puntos en las primeras seis jornadas. Los de Jos\u00e9 Nolasco afrontan una visita compleja ante <b>un rival que \u00absuele completar muy buenas primeras vueltas\u00bb<\/b>, mencionaba en la previa del encuentro el entrenador ilicitano, acompa\u00f1ado por el lateral derecho Rafa Paulo. El conjunto cordob\u00e9s, 8\u00ba con seis unidades, llega con tres derrotas y tres victorias firmadas en los \u00faltimos cuatro partidos, la \u00faltima en la pista del Nava (24-30).<\/p>\n<p class=\"paragraph\">Nolasco se\u00f1alaba que \u00abes un equipo que llega muy activo, muy fuerte, muy duro. <b>Han ganado el partido en Nava que les ha dado tranquilidad, pero esas tranquilidades son relativas<\/b>. Es cierto que est\u00e1n sacando adelante los partidos que tienen que ganar o los que pueden ganar, pero para nosotros es una oportunidad de victoria\u00bb. Un rival que, seg\u00fan el t\u00e9cnico, \u00abse parece mucho a nuestro equipo, y creo que estar\u00e1 en unas posiciones intermedias\u00bb. Eso s\u00ed, consider\u00f3 que \u00absi queremos estar por encima, hay que ganarles\u00bb. Jugadores como \u00abDani Serrano, David Estepa, Mario Dorado o\u00a0Simonet, con gran capacidad para mover y dirigir el juego\u00bb, son algunas de las referencias del Puente Genil.<\/p>\n<p>\u00abNo miro los resultados de los dem\u00e1s partidos\u00bb<\/p>\n<p class=\"paragraph\">El preparador reconoc\u00eda que a estas alturas de temporada \u00abno merece la pena mirar la clasificaci\u00f3n. Es m\u00e1s, no miro ni los resultados de los otros equipos a largo de la semana. Antes s\u00ed que ve\u00eda c\u00f3mo hab\u00edan quedado, pero me preocupo \u00fanicamente del m\u00edo. <b>Al final, de lo que se trata es de que t\u00fa hagas las cosas bien cuando tienes oportunidades<\/b>\u00ab, refiri\u00e9ndose a la victoria que se escap\u00f3 en el pasado duelo frente a Caser\u00edo Ciudad Real, finalizado 29-29. Nolasco apreciaba \u00abdos circunstancias que nos hicieron perder. Una fue nuestra efectividad de cara a porter\u00eda en momentos determinados y en situaciones claras, y otra fue el tema de las superioridades que no supimos jugar\u00bb.<\/p>\n<p class=\"paragraph\">Rafa Paulo, por su parte, remarcaba respecto al pasado encuentro que \u00ab<b>salimos con un sabor de derrota a pesar del punto que logramos<\/b>. Tenemos m\u00e9rito en eso, pero gan\u00e1bamos de tres goles a falta de cinco minutos y se nos fue. Ahora toca seguir, yo no le doy m\u00e1s vueltas\u00bb. Seg\u00fan el lateral derecho, el Bada visita \u00abuna pista muy complicada y un rival que viene de una buena victoria fuera de casa, as\u00ed que estar\u00e1n a tope. A nosotros nos tocar\u00e1 trabajar el doble e intentar ganar ah\u00ed\u00bb, algo que no ha conseguido el conjunto rojillo en sus \u00faltimos tres desplazamientos a tierras cordobesas, donde no vence desde 2022.<\/p>\n<p class=\"paragraph\">El portugu\u00e9s recordaba que \u00abel a\u00f1o pasado no hicimos buen partido en su pista, aunque ten\u00edamos bastantes bajas. Ahora intentaremos ganarles con nuestras armas. <b>Tenemos m\u00e1s que equipo para ganar en una <a href=\"https:\/\/www.heraldo.es\/tags\/temas\/liga_asobal.html\" title=\"Liga Asobal\" rel=\"nofollow noopener\" target=\"_blank\">Liga <\/a>m\u00e1s igualada que la del a\u00f1o pasado <\/b>donde cualquiera puede ganar a cualquiera\u00bb, zanj\u00f3 Paulo.<\/p>\n","protected":false},"excerpt":{"rendered":"Con sed de victoria despu\u00e9s de tres derrotas y un empate, el Bada Huesca viaja hasta Puente Genil&hellip;\n","protected":false},"author":2,"featured_media":195898,"comment_status":"","ping_status":"","sticky":false,"template":"","format":"standard","meta":{"footnotes":""},"categories":[278],"tags":[6256,376,6255,4616,168,25,24,375,1675,1045,6758,22611,54414,54415,5814,23,167,52113],"class_list":{"0":"post-195897","1":"post","2":"type-post","3":"status-publish","4":"format-standard","5":"has-post-thumbnail","7":"category-balonmano","8":"tag-bada-huesca","9":"tag-balonmano","10":"tag-balonmano-huesca","11":"tag-clasificacion","12":"tag-deportes","13":"tag-es","14":"tag-espana","15":"tag-handball","16":"tag-liga-asobal","17":"tag-partido","18":"tag-partidos","19":"tag-previa","20":"tag-puente-genil-bada-huesca","21":"tag-puente-genil-balonmano-huesca","22":"tag-resultado","23":"tag-spain","24":"tag-sports","25":"tag-tabla"},"share_on_mastodon":{"url":"https:\/\/pubeurope.com\/@es\/115423272172998997","error":""},"_links":{"self":[{"href":"https:\/\/www.europesays.com\/es\/wp-json\/wp\/v2\/posts\/195897","targetHints":{"allow":["GET"]}}],"collection":[{"href":"https:\/\/www.europesays.com\/es\/wp-json\/wp\/v2\/posts"}],"about":[{"href":"https:\/\/www.europesays.com\/es\/wp-json\/wp\/v2\/types\/post"}],"author":[{"embeddable":true,"href":"https:\/\/www.europesays.com\/es\/wp-json\/wp\/v2\/users\/2"}],"replies":[{"embeddable":true,"href":"https:\/\/www.europesays.com\/es\/wp-json\/wp\/v2\/comments?post=195897"}],"version-history":[{"count":0,"href":"https:\/\/www.europesays.com\/es\/wp-json\/wp\/v2\/posts\/195897\/revisions"}],"wp:featuredmedia":[{"embeddable":true,"href":"https:\/\/www.europesays.com\/es\/wp-json\/wp\/v2\/media\/195898"}],"wp:attachment":[{"href":"https:\/\/www.europesays.com\/es\/wp-json\/wp\/v2\/media?parent=195897"}],"wp:term":[{"taxonomy":"category","embeddable":true,"href":"https:\/\/www.europesays.com\/es\/wp-json\/wp\/v2\/categories?post=195897"},{"taxonomy":"post_tag","embeddable":true,"href":"https:\/\/www.europesays.com\/es\/wp-json\/wp\/v2\/tags?post=195897"}],"curies":[{"name":"wp","href":"https:\/\/api.w.org\/{rel}","templated":true}]}}