{"id":195903,"date":"2025-10-23T11:39:19","date_gmt":"2025-10-23T11:39:19","guid":{"rendered":"https:\/\/www.europesays.com\/es\/195903\/"},"modified":"2025-10-23T11:39:19","modified_gmt":"2025-10-23T11:39:19","slug":"asi-es-la-nedbank-gravel-burn-la-cape-epic-del-gravel-contara-con-pidcock-listado-de-participantes","status":"publish","type":"post","link":"https:\/\/www.europesays.com\/es\/195903\/","title":{"rendered":"As\u00ed es la Nedbank Gravel Burn, la \u201cCape Epic del gravel\u201d contar\u00e1 con Pidcock (listado de participantes)"},"content":{"rendered":"<p>La Nedbank Gravel Burn debuta en Sud\u00e1frica como la primera gran carrera por etapas de gravel, con 850 km, 11.000 m de desnivel y estrellas como Pidcock o Alison Jackson en la salida.<\/p>\n<blockquote class=\"quote-card lateral\">\n<p>La Nedbank Gravel Burn quiere ser para el gravel lo que la Cape Epic es para el MTB<\/p>\n<\/blockquote>\n<p>El gravel sigue expandiendo sus fronteras y est\u00e1 a punto de vivir un salto hist\u00f3rico con el estreno de la <strong>Nedbank Gravel Burn<\/strong>, una carrera por etapas que aspira a convertirse en el equivalente del Absa Cape Epic dentro del mundo del gravel. Del <strong>26 de octubre al 1 de noviembre<\/strong>, los participantes recorrer\u00e1n <strong>850 kil\u00f3metros y 11.000 metros de desnivel acumulado<\/strong> a lo largo de siete jornadas entre las provincias sudafricanas de Western y Eastern Cape.<\/p>\n<p>\t Contin\u00faa tras los patrocinadores<\/p>\n<p>Una nueva era para el gravel por etapas<\/p>\n<blockquote class=\"quote-card lateral\">\n<p>El termina entre animales salvajes en Shamwari<\/p>\n<\/blockquote>\n<p>El creador de la Cape Epic, <strong>Kevin Vermaak<\/strong>, es tambi\u00e9n el impulsor de este nuevo evento. Su objetivo es claro: llenar el vac\u00edo que el gravel ten\u00eda en el formato por etapas. \u201cNo estamos transformando una carrera de MTB en una de gravel. Hemos dise\u00f1ado el recorrido desde cero para bicicletas de gravel. Queremos velocidad, eso es lo que busc\u00e1bamos: una carrera off-road de alta velocidad\u201d, explica Vermaak.<\/p>\n<p><a href=\"https:\/\/esmtb.com\/wp-content\/uploads\/2025\/01\/burn5.jpg\" rel=\"nofollow noopener\" target=\"_blank\"><img fetchpriority=\"high\" decoding=\"async\" class=\"size-large wp-image-146557 \" src=\"https:\/\/www.europesays.com\/es\/wp-content\/uploads\/2025\/10\/burn5-1024x682.jpg\" alt=\"\" width=\"1024\" height=\"682\"  \/><\/a><\/p>\n<p class=\"wp-caption-text\">Gravel Burn<\/p>\n<blockquote class=\"quote-card lateral\">\n<p>Un recorrido de contrastes y un campamento muy especial<\/p>\n<\/blockquote>\n<p>El recorrido comenzar\u00e1 en los frondosos bosques de <strong>Knysna<\/strong>, atravesar\u00e1 el <strong>desierto del Karoo<\/strong> y finalizar\u00e1 en el espectacular <strong>Shamwari Private Game Reserve<\/strong>, una de las reservas de fauna m\u00e1s emblem\u00e1ticas de \u00c1frica. A lo largo del trayecto, los ciclistas pasar\u00e1n de caminos de tierra roja perfectamente compactados a pistas tipo \u201cjeep track\u201d mucho m\u00e1s exigentes.<\/p>\n<p>Cada etapa contar\u00e1 con dos puntos de avituallamiento y asistencia neutral, mientras que cada noche los participantes descansar\u00e1n en el <strong>\u201cGravel Village\u201d<\/strong>, un campamento m\u00f3vil con tiendas, duchas calientes, servicio de mec\u00e1nicos y comidas completas, manteniendo el esp\u00edritu de aventura del formato Cape Epic.<\/p>\n<p><a href=\"https:\/\/esmtb.com\/wp-content\/uploads\/2025\/01\/burn1.jpg\" rel=\"nofollow noopener\" target=\"_blank\"><img loading=\"lazy\" decoding=\"async\" class=\"size-large wp-image-146559 \" src=\"https:\/\/www.europesays.com\/es\/wp-content\/uploads\/2025\/10\/burn1-1024x683.jpg\" alt=\"\" width=\"1024\" height=\"683\"  \/><\/a><\/p>\n<p class=\"wp-caption-text\">Gravel Burn<\/p>\n<p>Un recorrido dise\u00f1ado para el gravel<\/p>\n<blockquote class=\"quote-card lateral\">\n<p>Prince Alfred Pass y Swaerskop Pass, los puntos clave de un recorrido con +11.000 m<\/p>\n<\/blockquote>\n<p>El dise\u00f1ador del recorrido, <strong>Steve Thomas<\/strong>, ha trazado una ruta que combina belleza y exigencia. Los ciclistas afrontar\u00e1n m\u00e1s de <strong>11.000 metros de ascensi\u00f3n<\/strong>, con pasos m\u00edticos como el <strong>Prince Alfred Pass<\/strong> (etapa 1) y el <strong>Swaerskop Pass<\/strong> (etapa 5). La sudafricana <strong>Ashleigh Moolman Pasio<\/strong> lo resume as\u00ed: \u201cComo escaladora, estoy deseando afrontar el Prince Alfred Pass en la primera etapa y el Swaerskop en la quinta. Son los lugares donde se pueden marcar diferencias.\u201d<\/p>\n<p>La organizaci\u00f3n asegura que el recorrido est\u00e1 completamente controlado, sin riesgo de encuentros con animales salvajes.<\/p>\n<p><a href=\"https:\/\/esmtb.com\/wp-content\/uploads\/2025\/02\/gr04.jpg\" rel=\"nofollow noopener\" target=\"_blank\"><img loading=\"lazy\" decoding=\"async\" class=\"size-large wp-image-147408 \" src=\"https:\/\/www.europesays.com\/es\/wp-content\/uploads\/2025\/10\/gr04-1024x638.jpg\" alt=\"\" width=\"1024\" height=\"638\"  \/><\/a><\/p>\n<p class=\"wp-caption-text\">Gravel Burn<\/p>\n<p>150.000 d\u00f3lares en premios y una participaci\u00f3n de lujo<\/p>\n<blockquote class=\"quote-card lateral\">\n<p>Premios muy importantes<\/p>\n<\/blockquote>\n<p>El debut de la Nedbank Gravel Burn ya ha sido bautizado como \u201cel siguiente gran paso del gravel\u201d, en parte gracias a su <strong>bolsa de premios de 150.000 d\u00f3lares<\/strong>, repartida equitativamente entre hombres y mujeres. Los ganadores de la clasificaci\u00f3n general recibir\u00e1n <strong>18.000 d\u00f3lares<\/strong> cada uno, con premios diarios para los tres primeros en cada etapa.<\/p>\n<p>Entre los 500 ciclistas amateurs inscritos habr\u00e1 tambi\u00e9n una nutrida participaci\u00f3n profesional con nombres de primer nivel de m\u00faltiples disciplinas: carretera, MTB, triatl\u00f3n y, por supuesto, gravel.<\/p>\n<p><a href=\"https:\/\/esmtb.com\/wp-content\/uploads\/2025\/02\/gr02.jpg\" rel=\"nofollow noopener\" target=\"_blank\"><img loading=\"lazy\" decoding=\"async\" class=\"size-large wp-image-147410 \" src=\"https:\/\/www.europesays.com\/es\/wp-content\/uploads\/2025\/10\/gr02-1024x576.jpg\" alt=\"\" width=\"1024\" height=\"576\"  \/><\/a><\/p>\n<p class=\"wp-caption-text\">Gravel Burn<\/p>\n<p>Categor\u00eda masculina: una mezcla explosiva de talentos<\/p>\n<blockquote class=\"quote-card lateral\">\n<p>Pidcock, Morton, Beers, Seewald\u2026 el elenco del Gravel Burn roza el nivel de un Mundial<\/p>\n<\/blockquote>\n<p>El pelot\u00f3n masculino re\u00fane a algunos de los ciclistas m\u00e1s vers\u00e1tiles del planeta. Encabezan la lista <strong>Tom Pidcock<\/strong> y <strong>Lachlan Morton<\/strong>, dos figuras que representan el choque entre el WorldTour y el gravel m\u00e1s aut\u00e9ntico. Junto a ellos estar\u00e1n <strong>Matthew Beers<\/strong>, <strong>Andreas Seewald<\/strong>, <strong>Peter Stetina<\/strong>, <strong>Koen Bouwman<\/strong>, <strong>Payson McElveen<\/strong>, <strong>Cameron Wurf<\/strong> y <strong>Alistair Brownlee<\/strong>, entre otros.<\/p>\n<p>Pidcock llega tras un 2025 excepcional, con podio en la Vuelta a Espa\u00f1a y top 10 en el Mundial de carretera de Ruanda. Morton, por su parte, acumula triunfos en Unbound y Unbound XL, y es uno de los grandes favoritos. Tambi\u00e9n destacan <strong>Simon Pellaud<\/strong>, segundo en Unbound y en plena forma, o <strong>Hugo Drechou<\/strong>, tercero en el Europeo de Gravel en Avezzano.<\/p>\n<p>Completan el listado ciclistas con experiencia en Cape Epic y en carreras de ultraresistencia como <strong>Lukas Baum<\/strong> o <strong>Alex Miller<\/strong>, adem\u00e1s de j\u00f3venes talentos como <strong>Brennan Wertz<\/strong> y veteranos del WorldTour como <strong>Ramon Sinkeldam<\/strong> y <strong>Lukas P\u00f6stlberger<\/strong>.<\/p>\n<p><a href=\"https:\/\/esmtb.com\/wp-content\/uploads\/2025\/02\/gr0.jpg\" rel=\"nofollow noopener\" target=\"_blank\"><img loading=\"lazy\" decoding=\"async\" class=\"size-large wp-image-147411 \" src=\"https:\/\/www.europesays.com\/es\/wp-content\/uploads\/2025\/10\/gr0-1024x682.jpg\" alt=\"\" width=\"1024\" height=\"682\"  \/><\/a><\/p>\n<p class=\"wp-caption-text\">Gravel Burn<\/p>\n<p>Categor\u00eda femenina: una alineaci\u00f3n de estrellas<\/p>\n<blockquote class=\"quote-card lateral\">\n<p>La campeona de Par\u00eds-Roubaix Alison Jackson lidera un pelot\u00f3n femenino de alt\u00edsimo nivel<\/p>\n<\/blockquote>\n<p>El plantel femenino no se queda atr\u00e1s. <strong>Alison Jackson<\/strong>, ganadora de Par\u00eds-Roubaix Femmes, parte como una de las grandes favoritas. Junto a ella estar\u00e1n <strong>Ashleigh Moolman Pasio<\/strong>, <strong>Lauren Stephens<\/strong>, <strong>Rosa Kl\u00f6ser<\/strong>, <strong>Haley Smith<\/strong> y <strong>Whitney Allison<\/strong>, entre otras.<\/p>\n<p>Moolman Pasio, que correr\u00e1 ante su p\u00fablico, ser\u00e1 una de las grandes referencias por su conocimiento del terreno. La joven alemana <strong>Rosa Kl\u00f6ser<\/strong> buscar\u00e1 redimirse tras una aver\u00eda que la dej\u00f3 sin podio en el Europeo de Gravel, mientras que la brit\u00e1nica <strong>Ruth Astle<\/strong>, campeona mundial amateur de Ironman, aportar\u00e1 su enorme fondo f\u00edsico.<\/p>\n<p><a href=\"https:\/\/esmtb.com\/wp-content\/uploads\/2025\/01\/burn2.jpg\" rel=\"nofollow noopener\" target=\"_blank\"><img loading=\"lazy\" decoding=\"async\" class=\"size-large wp-image-146558 \" src=\"https:\/\/www.europesays.com\/es\/wp-content\/uploads\/2025\/10\/burn2-1024x682.jpg\" alt=\"\" width=\"1024\" height=\"682\"  \/><\/a><\/p>\n<p class=\"wp-caption-text\">Gravel Burn<\/p>\n<p>Red Bull Night Burn: espect\u00e1culo nocturno en el coraz\u00f3n del Karoo<\/p>\n<blockquote class=\"quote-card lateral\">\n<p>El Red Bull Night Burn a\u00f1adir\u00e1 espect\u00e1culo, m\u00fasica y fuego al coraz\u00f3n del Karoo<\/p>\n<\/blockquote>\n<p>Uno de los momentos m\u00e1s esperados de la semana ser\u00e1 el <strong>Red Bull Night Burn<\/strong>, una prueba nocturna tipo criterium que se celebrar\u00e1 el 28 de octubre tras la tercera etapa, en Blaauwater. Hasta <strong>40 ciclistas<\/strong> podr\u00e1n clasificarse mediante el <strong>Red Bull KM<\/strong>, un sprint de un kil\u00f3metro cronometrado durante la segunda etapa.<\/p>\n<p>Los seleccionados se enfrentar\u00e1n en un circuito iluminado por hogueras y ambientado con m\u00fasica en directo, en una noche que promete ser \u00fanica. La estrella del evento ser\u00e1 <strong>Tom Pidcock<\/strong>, que actuar\u00e1 como \u201cel zorro\u201d persiguiendo al resto de corredores bajo las luces del Karoo.<\/p>\n<p>Listado de participantes en categor\u00eda PRO masculina<\/p>\n<tr>\nDorsal<br \/>\nNombre<br \/>\nApellido<br \/>\nNacionalidad<br \/>\n<\/tr>\n<tr>\n<td>1<\/td>\n<td>Lachlan<\/td>\n<td>Morton<\/td>\n<td>Australia<\/td>\n<\/tr>\n<tr>\n<td>2<\/td>\n<td>Tom<\/td>\n<td>Pidcock<\/td>\n<td>UK<\/td>\n<\/tr>\n<tr>\n<td>3<\/td>\n<td>Andreas<\/td>\n<td>Seewald<\/td>\n<td>Germany<\/td>\n<\/tr>\n<tr>\n<td>4<\/td>\n<td>Matthew<\/td>\n<td>Beers<\/td>\n<td>South Africa<\/td>\n<\/tr>\n<tr>\n<td>5<\/td>\n<td>Marco<\/td>\n<td>Joubert<\/td>\n<td>South Africa<\/td>\n<\/tr>\n<tr>\n<td>6<\/td>\n<td>Lukas<\/td>\n<td>Poestlberger<\/td>\n<td>Austria<\/td>\n<\/tr>\n<tr>\n<td>7<\/td>\n<td>Brennan<\/td>\n<td>Wertz<\/td>\n<td>USA<\/td>\n<\/tr>\n<tr>\n<td>8<\/td>\n<td>Koen<\/td>\n<td>Bouwman<\/td>\n<td>Netherlands<\/td>\n<\/tr>\n<tr>\n<td>9<\/td>\n<td>Lukas<\/td>\n<td>Baum<\/td>\n<td>Germany<\/td>\n<\/tr>\n<tr>\n<td>10<\/td>\n<td>Alex<\/td>\n<td>Miller<\/td>\n<td>Namibia<\/td>\n<\/tr>\n<tr>\n<td>11<\/td>\n<td>Ivar<\/td>\n<td>Slik<\/td>\n<td>Netherlands<\/td>\n<\/tr>\n<tr>\n<td>12<\/td>\n<td>Chad<\/td>\n<td>Haga<\/td>\n<td>USA<\/td>\n<\/tr>\n<tr>\n<td>14<\/td>\n<td>Peter<\/td>\n<td>Stetina<\/td>\n<td>USA<\/td>\n<\/tr>\n<tr>\n<td>15<\/td>\n<td>Simon<\/td>\n<td>Pellaud<\/td>\n<td>Switzerland<\/td>\n<\/tr>\n<tr>\n<td>16<\/td>\n<td>Mat<\/td>\n<td>Stephens<\/td>\n<td>USA<\/td>\n<\/tr>\n<tr>\n<td>17<\/td>\n<td>Ramon<\/td>\n<td>Sinkeldam<\/td>\n<td>Netherlands<\/td>\n<\/tr>\n<tr>\n<td>18<\/td>\n<td>Bradyn<\/td>\n<td>Lange<\/td>\n<td>USA<\/td>\n<\/tr>\n<tr>\n<td>19<\/td>\n<td>Payson<\/td>\n<td>McElveen<\/td>\n<td>USA<\/td>\n<\/tr>\n<tr>\n<td>22<\/td>\n<td>Georg<\/td>\n<td>Egger<\/td>\n<td>Germany<\/td>\n<\/tr>\n<tr>\n<td>23<\/td>\n<td>Travis<\/td>\n<td>Stedman<\/td>\n<td>South Africa<\/td>\n<\/tr>\n<tr>\n<td>24<\/td>\n<td>Martin<\/td>\n<td>Freyer<\/td>\n<td>Namibian<\/td>\n<\/tr>\n<tr>\n<td>25<\/td>\n<td>Alistair<\/td>\n<td>Brownlee<\/td>\n<td>UK<\/td>\n<\/tr>\n<tr>\n<td>26<\/td>\n<td>Cam<\/td>\n<td>Wurf<\/td>\n<td>Australia<\/td>\n<\/tr>\n<tr>\n<td>27<\/td>\n<td>Johan<\/td>\n<td>van Zyl<\/td>\n<td>South Africa<\/td>\n<\/tr>\n<tr>\n<td>28<\/td>\n<td>Hugo<\/td>\n<td>Drechou<\/td>\n<td>France<\/td>\n<\/tr>\n<tr>\n<td>29<\/td>\n<td>Andrew<\/td>\n<td>L\u2019esperance<\/td>\n<td>Canada<\/td>\n<\/tr>\n<tr>\n<td>30<\/td>\n<td>Paul<\/td>\n<td>Sandmann<\/td>\n<td>Germany<\/td>\n<\/tr>\n<tr>\n<td>31<\/td>\n<td>Lawrence<\/td>\n<td>Naessen<\/td>\n<td>Belgium<\/td>\n<\/tr>\n<tr>\n<td>32<\/td>\n<td>Tristan<\/td>\n<td>Nortje<\/td>\n<td>South Africa<\/td>\n<\/tr>\n<tr>\n<td>33<\/td>\n<td>Andri<\/td>\n<td>Frischknecht<\/td>\n<td>Switzerland<\/td>\n<\/tr>\n<tr>\n<td>34<\/td>\n<td>Griffin<\/td>\n<td>Easter<\/td>\n<td>USA<\/td>\n<\/tr>\n<tr>\n<td>35<\/td>\n<td>Jasper<\/td>\n<td>Ockeloen<\/td>\n<td>Netherlands<\/td>\n<\/tr>\n<tr>\n<td>37<\/td>\n<td>Zachary<\/td>\n<td>Allison<\/td>\n<td>USA<\/td>\n<\/tr>\n<tr>\n<td>38<\/td>\n<td>Daniel<\/td>\n<td>Bonello<\/td>\n<td>Malta<\/td>\n<\/tr>\n<tr>\n<td>40<\/td>\n<td>Lawrence<\/td>\n<td>Carpenter<\/td>\n<td>Great Britain<\/td>\n<\/tr>\n<tr>\n<td>41<\/td>\n<td>Lood<\/td>\n<td>Goosen<\/td>\n<td>South Africa<\/td>\n<\/tr>\n<tr>\n<td>42<\/td>\n<td>Robert<\/td>\n<td>Gesink<\/td>\n<td>Netherlands<\/td>\n<\/tr>\n<tr>\n<td>43<\/td>\n<td>Rudi<\/td>\n<td>Koen<\/td>\n<td>South Africa<\/td>\n<\/tr>\n<tr>\n<td>44<\/td>\n<td>Andy<\/td>\n<td>Lydic<\/td>\n<td>USA<\/td>\n<\/tr>\n<tr>\n<td>45<\/td>\n<td>Luis<\/td>\n<td>Neff<\/td>\n<td>Germany<\/td>\n<\/tr>\n<tr>\n<td>46<\/td>\n<td>Carl<\/td>\n<td>Pasio<\/td>\n<td>South Africa<\/td>\n<\/tr>\n<tr>\n<td>47<\/td>\n<td>Peter<\/td>\n<td>Schermann<\/td>\n<td>Germany<\/td>\n<\/tr>\n<tr>\n<td>48<\/td>\n<td>Jordan<\/td>\n<td>Schleck<\/td>\n<td>Uganda<\/td>\n<\/tr>\n<tr>\n<td>49<\/td>\n<td>Rogan<\/td>\n<td>Smart<\/td>\n<td>South Africa<\/td>\n<\/tr>\n<tr>\n<td>50<\/td>\n<td>Justin<\/td>\n<td>Weeks<\/td>\n<td>USA<\/td>\n<\/tr>\n<tr>\n<td>52<\/td>\n<td>Philipp<\/td>\n<td>Rindler-Bachl<\/td>\n<td>Austria<\/td>\n<\/tr>\n<tr>\n<td>53<\/td>\n<td>Bernard Ndungu<\/td>\n<td>Njoroge<\/td>\n<td>Kenya<\/td>\n<\/tr>\n<p>Listado de participantes en categor\u00eda PRO femenina<\/p>\n<tr>\nDorsal<br \/>\nNombre<br \/>\nApellido<br \/>\nNacionalidad<br \/>\n<\/tr>\n<tr>\n<td>60<\/td>\n<td>Alison<\/td>\n<td>Jackson<\/td>\n<td>Canada<\/td>\n<\/tr>\n<tr>\n<td>61<\/td>\n<td>Hayley<\/td>\n<td>Preen<\/td>\n<td>South Africa<\/td>\n<\/tr>\n<tr>\n<td>62<\/td>\n<td>Lauren<\/td>\n<td>Stephens<\/td>\n<td>USA<\/td>\n<\/tr>\n<tr>\n<td>63<\/td>\n<td>Ashleigh<\/td>\n<td>Moolman Pasio<\/td>\n<td>South Africa<\/td>\n<\/tr>\n<tr>\n<td>64<\/td>\n<td>Cherise<\/td>\n<td>Willeit<\/td>\n<td>South Africa<\/td>\n<\/tr>\n<tr>\n<td>65<\/td>\n<td>Jana<\/td>\n<td>Gigele<\/td>\n<td>Austria<\/td>\n<\/tr>\n<tr>\n<td>66<\/td>\n<td>Melisa<\/td>\n<td>Rollins<\/td>\n<td>USA<\/td>\n<\/tr>\n<tr>\n<td>68<\/td>\n<td>Haley<\/td>\n<td>Smith<\/td>\n<td>Canada<\/td>\n<\/tr>\n<tr>\n<td>69<\/td>\n<td>Catherine<\/td>\n<td>Colyn<\/td>\n<td>South Africa<\/td>\n<\/tr>\n<tr>\n<td>70<\/td>\n<td>Irina<\/td>\n<td>L\u00fctzelschwab<\/td>\n<td>Switzerland<\/td>\n<\/tr>\n<tr>\n<td>71<\/td>\n<td>Rosa<\/td>\n<td>Kl\u00f6ser<\/td>\n<td>Germany<\/td>\n<\/tr>\n<tr>\n<td>72<\/td>\n<td>Whitney<\/td>\n<td>Allison<\/td>\n<td>USA<\/td>\n<\/tr>\n<tr>\n<td>73<\/td>\n<td>Madeleine<\/td>\n<td>Nutt<\/td>\n<td>Great Britain<\/td>\n<\/tr>\n<tr>\n<td>74<\/td>\n<td>Axelle<\/td>\n<td>Dubau-Prevot<\/td>\n<td>France<\/td>\n<\/tr>\n<tr>\n<td>75<\/td>\n<td>Theresa<\/td>\n<td>Rindler-Bachl<\/td>\n<td>Austria<\/td>\n<\/tr>\n<tr>\n<td>76<\/td>\n<td>Gina<\/td>\n<td>Ricardo<\/td>\n<td>Australia<\/td>\n<\/tr>\n<tr>\n<td>78<\/td>\n<td>Sarah<\/td>\n<td>Diekmeyer<\/td>\n<td>Canada<\/td>\n<\/tr>\n<tr>\n<td>79<\/td>\n<td>Ruth<\/td>\n<td>Astle<\/td>\n<td>UK<\/td>\n<\/tr>\n<tr>\n<td>80<\/td>\n<td>Juanita<\/td>\n<td>Mackenzie<\/td>\n<td>South Africa<\/td>\n<\/tr>\n<tr>\n<td>81<\/td>\n<td>Alyssa<\/td>\n<td>Mahoney<\/td>\n<td>USA<\/td>\n<\/tr>\n<tr>\n<td>82<\/td>\n<td>Becca<\/td>\n<td>Book<\/td>\n<td>USA<\/td>\n<\/tr>\n<tr>\n<td>83<\/td>\n<td>Virginia<\/td>\n<td>Cancellari<\/td>\n<td>Italy<\/td>\n<\/tr>\n<tr>\n<td>84<\/td>\n<td>Mariske<\/td>\n<td>Strauss<\/td>\n<td>South Africa<\/td>\n<\/tr>\n<tr>\n<td>85<\/td>\n<td>Emma<\/td>\n<td>van der Stockt<\/td>\n<td>Belgium<\/td>\n<\/tr>\n<tr>\n<td>86<\/td>\n<td>Clara<\/td>\n<td>Koppenburg<\/td>\n<td>Germany<\/td>\n<\/tr>\n","protected":false},"excerpt":{"rendered":"La Nedbank Gravel Burn debuta en Sud\u00e1frica como la primera gran carrera por etapas de gravel, con 850&hellip;\n","protected":false},"author":2,"featured_media":195904,"comment_status":"","ping_status":"","sticky":false,"template":"","format":"standard","meta":{"footnotes":""},"categories":[273],"tags":[313,312,168,25,24,18236,54416,23,167],"class_list":{"0":"post-195903","1":"post","2":"type-post","3":"status-publish","4":"format-standard","5":"has-post-thumbnail","7":"category-ciclismo","8":"tag-ciclismo","9":"tag-cycling","10":"tag-deportes","11":"tag-es","12":"tag-espana","13":"tag-gravel","14":"tag-gravel-burn","15":"tag-spain","16":"tag-sports"},"share_on_mastodon":{"url":"https:\/\/pubeurope.com\/@es\/115423292139292342","error":""},"_links":{"self":[{"href":"https:\/\/www.europesays.com\/es\/wp-json\/wp\/v2\/posts\/195903","targetHints":{"allow":["GET"]}}],"collection":[{"href":"https:\/\/www.europesays.com\/es\/wp-json\/wp\/v2\/posts"}],"about":[{"href":"https:\/\/www.europesays.com\/es\/wp-json\/wp\/v2\/types\/post"}],"author":[{"embeddable":true,"href":"https:\/\/www.europesays.com\/es\/wp-json\/wp\/v2\/users\/2"}],"replies":[{"embeddable":true,"href":"https:\/\/www.europesays.com\/es\/wp-json\/wp\/v2\/comments?post=195903"}],"version-history":[{"count":0,"href":"https:\/\/www.europesays.com\/es\/wp-json\/wp\/v2\/posts\/195903\/revisions"}],"wp:featuredmedia":[{"embeddable":true,"href":"https:\/\/www.europesays.com\/es\/wp-json\/wp\/v2\/media\/195904"}],"wp:attachment":[{"href":"https:\/\/www.europesays.com\/es\/wp-json\/wp\/v2\/media?parent=195903"}],"wp:term":[{"taxonomy":"category","embeddable":true,"href":"https:\/\/www.europesays.com\/es\/wp-json\/wp\/v2\/categories?post=195903"},{"taxonomy":"post_tag","embeddable":true,"href":"https:\/\/www.europesays.com\/es\/wp-json\/wp\/v2\/tags?post=195903"}],"curies":[{"name":"wp","href":"https:\/\/api.w.org\/{rel}","templated":true}]}}