{"id":195910,"date":"2025-10-23T11:43:09","date_gmt":"2025-10-23T11:43:09","guid":{"rendered":"https:\/\/www.europesays.com\/es\/195910\/"},"modified":"2025-10-23T11:43:09","modified_gmt":"2025-10-23T11:43:09","slug":"daniel-guzman-corta-dos-orejas-y-el-rabo-al-explicar-quienes-son-los-verdaderos-subvencionados-de-espana","status":"publish","type":"post","link":"https:\/\/www.europesays.com\/es\/195910\/","title":{"rendered":"Daniel Guzm\u00e1n corta dos orejas y el rabo al explicar qui\u00e9nes son los verdaderos subvencionados de Espa\u00f1a"},"content":{"rendered":"<p><b>\u00abLas corridas de toros est\u00e1n acabadas. Est\u00e1n obsoletas<\/b>. S\u00f3lo existe porque el PP lo declar\u00f3 bien de inter\u00e9s cultural y s\u00f3lo se mantiene por las subvenciones\u00bb. As\u00ed de claro ha sido el <a href=\"https:\/\/www.huffingtonpost.es\/virales\/quien-iba-decir-aqui-hay-viva-le-paso-esto-inicios-pues-daniel-guzmanbr.html\" rel=\"nofollow noopener\" target=\"_blank\">actor y director de cine Daniel Guzm\u00e1n<\/a>, conocido por su exitoso papel de <b>Roberto en Aqu\u00ed no hay quien viva,<\/b> la tambi\u00e9n famosa serie que emiti\u00f3 Antena 3 entre el 2003 y el 2006.\u00a0<\/p>\n<p>Guzm\u00e1n, <b>ganador de dos premios Goya,<\/b> los m\u00e1s importantes del cine espa\u00f1ol, por Mejor cortometraje de ficci\u00f3n y\u00a0Mejor director novel,\u00a0acaba de estrenar <a href=\"https:\/\/www.huffingtonpost.es\/life\/cultura\/daniel-guzman-estamos-llegando-limite-dificil-convivencia.html\" rel=\"nofollow noopener\" target=\"_blank\">La deuda, su tercera pel\u00edcula.\u00a0<\/a><\/p>\n<p>En su ronda de entrevistas promocionales ha tocado todos los palos y ha sido en el podcast de Animales Humanos, de Ibai Vegan, donde <b>ha ido a por los toros y la tauromaquia.\u00a0<\/b><\/p>\n<p>En Espa\u00f1a, <b>un 78% de la poblaci\u00f3n dice no ser taurina<\/b>, pero menos de la mitad, el 48%, estar\u00eda a favor de que se derogase la protecci\u00f3n cultural a los toros, seg\u00fan una encuesta de Sigma Dos para El Mundo de abril de 2025.\u00a0<\/p>\n<p>Los partidos pol\u00edticos que atraen los <b>mayores porcentajes de taurinos son Vox (37,6%) y el PP (31,3%)<\/b>. Adem\u00e1s, entre sus electores hay muchos no taurinos: 60,1% en Vox y 64,9% en el PP.<\/p>\n<p>En la izquierda,\u00a0un <b>92,1% de los votantes de Sumar est\u00e1 en contra de las corridas de toros<\/b>. Entre los votantes del PSOE, los no taurinos representan el 87,6% frente a los taurinos, que son el 10,2%.<\/p>\n<p>\u00ab\u00bfSubvencionados nosotros? Subvencionados los toros\u00bb<\/p>\n<p>Daniel Guzm\u00e1n tiene claro que si hay un sector que est\u00e1 subvencionado es el de los toros: \u00abLas plazas de toros est\u00e1n vac\u00edas. Y el maltrato&#8230; que inventen otra cosa. Que saquen un toro de pl\u00e1stico, colega. Te lo digo yo, que he corrido capeas\u00bb.\u00a0<\/p>\n<p>\u00abLleg\u00f3 un momento que tuve sentido com\u00fan y dije, \u00bfpara yo disfrutar tiene que estresarse y sufrir una vaquilla? La ten\u00e9is que torturar y ponerle banderillas y desangrarla y meterle la espada y desangrarle los pulmones. Que tienen sentimientos, que tienen sistema nervioso. Eso es una barbaridad\u00bb, ha afirmado el director.\u00a0<\/p>\n<p>Ha defendido, adem\u00e1s, que \u00abesos s\u00ed que tienen chiringuitos\u00bb: \u00ab\u00bfPara que queden cuatro chiringuitos lo vas a declarar bien de inter\u00e9s cultural? Yo lo pago con mis impuestos. A m\u00ed me quitan el 50%. y estoy orgulloso de que le lo quiten. Para que haya sanidad y educaci\u00f3n p\u00fablica, para que no haya concertada y sanidad privada\u00bb.\u00a0<\/p>\n<p>\u00abAhora me va a machacar toda la fachosfera y los protaurinos&#8230;\u00bb, ha vaticinado.\u00a0<\/p>\n","protected":false},"excerpt":{"rendered":"\u00abLas corridas de toros est\u00e1n acabadas. Est\u00e1n obsoletas. S\u00f3lo existe porque el PP lo declar\u00f3 bien de inter\u00e9s&hellip;\n","protected":false},"author":2,"featured_media":195911,"comment_status":"","ping_status":"","sticky":false,"template":"","format":"standard","meta":{"footnotes":""},"categories":[174],"tags":[255,13245,146,147,25,24,256,23,444],"class_list":{"0":"post-195910","1":"post","2":"type-post","3":"status-publish","4":"format-standard","5":"has-post-thumbnail","7":"category-famosos","8":"tag-celebrities","9":"tag-daniel-guzman","10":"tag-entertainment","11":"tag-entretenimiento","12":"tag-es","13":"tag-espana","14":"tag-famosos","15":"tag-spain","16":"tag-toros"},"share_on_mastodon":{"url":"https:\/\/pubeurope.com\/@es\/115423307774744211","error":""},"_links":{"self":[{"href":"https:\/\/www.europesays.com\/es\/wp-json\/wp\/v2\/posts\/195910","targetHints":{"allow":["GET"]}}],"collection":[{"href":"https:\/\/www.europesays.com\/es\/wp-json\/wp\/v2\/posts"}],"about":[{"href":"https:\/\/www.europesays.com\/es\/wp-json\/wp\/v2\/types\/post"}],"author":[{"embeddable":true,"href":"https:\/\/www.europesays.com\/es\/wp-json\/wp\/v2\/users\/2"}],"replies":[{"embeddable":true,"href":"https:\/\/www.europesays.com\/es\/wp-json\/wp\/v2\/comments?post=195910"}],"version-history":[{"count":0,"href":"https:\/\/www.europesays.com\/es\/wp-json\/wp\/v2\/posts\/195910\/revisions"}],"wp:featuredmedia":[{"embeddable":true,"href":"https:\/\/www.europesays.com\/es\/wp-json\/wp\/v2\/media\/195911"}],"wp:attachment":[{"href":"https:\/\/www.europesays.com\/es\/wp-json\/wp\/v2\/media?parent=195910"}],"wp:term":[{"taxonomy":"category","embeddable":true,"href":"https:\/\/www.europesays.com\/es\/wp-json\/wp\/v2\/categories?post=195910"},{"taxonomy":"post_tag","embeddable":true,"href":"https:\/\/www.europesays.com\/es\/wp-json\/wp\/v2\/tags?post=195910"}],"curies":[{"name":"wp","href":"https:\/\/api.w.org\/{rel}","templated":true}]}}