{"id":195914,"date":"2025-10-23T11:45:12","date_gmt":"2025-10-23T11:45:12","guid":{"rendered":"https:\/\/www.europesays.com\/es\/195914\/"},"modified":"2025-10-23T11:45:12","modified_gmt":"2025-10-23T11:45:12","slug":"se-publica-en-espanol-la-tierra-del-dulce-porvenir-libro-inedito-de-harper-lee","status":"publish","type":"post","link":"https:\/\/www.europesays.com\/es\/195914\/","title":{"rendered":"Se publica en espa\u00f1ol &#8216;La tierra del dulce porvenir&#8217;, libro in\u00e9dito de Harper Lee"},"content":{"rendered":"<p>Hoy llega a las librer\u00edas, publicado por Lumen y con traducci\u00f3n de Eugenia V\u00e1zquez Nacarino, el libro de cuentos y ensayos in\u00e9ditos de una de las escritoras m\u00e1s ic\u00f3nicas y queridas del siglo XX, Harper Lee: todo un acontecimiento literario. Los relatos que Harper Lee escribi\u00f3 antes de Matar a un ruise\u00f1or y que ella envi\u00f3 a algunas revistas literarias como Tomorrow, Harper\u2019s Bazaar o The New Yorker con la intenci\u00f3n de publicarlos, fueron encontrados en su apartamento neoyorquino tras su muerte en 2016 junto a algunas cartas de rechazo editorial. El libro tambi\u00e9n incluye, por primera vez en castellano, los ensayos que la escritora public\u00f3 en diversos medios entre 1961 y 2006. Esta edici\u00f3n, que se lanza internacionalmente, incluye un esclarecedor pr\u00f3logo de Casey Cep, la bi\u00f3grafa de Harper Lee, que conecta los relatos con la vida de Lee y con sus dos novelas, as\u00ed como una imagen del manuscrito anotado por la autora.<\/p>\n<p>De la inocencia infantil a los desencantos y aprendizajes que conlleva la adultez, las histo\u00adrias de <a href=\"https:\/\/www.penguinlibros.com\/es\/literatura-contemporanea\/399021-libro-la-tierra-del-dulce-porvenir-9788426433138\" rel=\"nofollow noopener\" target=\"_blank\">La tierra del dulce porvenir <\/a>indagan, con humor, inteligencia y un inigualable sentido de la cotidianidad, en los temas que atraviesan toda la obra de Harper Lee: la infancia, la p\u00e9rdida de la inocencia, la educaci\u00f3n moral, los prejuicios, el racismo, la empat\u00eda y la compleja transici\u00f3n de la sociedad sure\u00f1a en un mundo donde los derechos civiles se van abriendo paso. Estos temas se retoman, a su vez, en una serie de ensayos breves, perfiles y textos que Lee public\u00f3 en distintos medios y que cierran un libro que nos permite conocer los or\u00edgenes de una autora enigm\u00e1tica y can\u00f3nica, y asistir al nacimiento de su voz literaria y de un maravilloso mundo ficcional que no ha perdido vigencia.<\/p>\n<p>Adem\u00e1s, Lumen incorpora a su cat\u00e1logo las dos novelas de la autora, Matar a un ruise\u00f1or y Ve y pon un centinela.<\/p>\n<p>Harper Lee se convirti\u00f3 en una de las escritoras m\u00e1s emblem\u00e1ticas del canon estadounidense gracias a Scout, Jem, Atticus Finch y otros personajes inolvidables de Matar a un ruise\u00f1or, la novela ganadora del Premio Pulitzer con la que alcanz\u00f3 la inmortalidad. Pero antes de escribir su m\u00edtica novela ya era una joven y tenaz escritora que, instalada en Nueva York, donde trabajaba en una compa\u00f1\u00eda a\u00e9rea, enviaba relatos a Harper\u2019s Bazaar o The New Yorker con la esperanza de verlos publicados. Unos cuentos que poseen su inconfundible voz y que narran, con un humor, un ritmo y una cotidianidad inimitables, diferentes episodios de la vida de Jean Louise Finch \u2013o distintos \u00e1lter egos de la misma\u2013, desde su ni\u00f1ez en Maycomb, Alabama, hasta la juventud en el Manhattan de los a\u00f1os cincuenta.<\/p>\n<p>La tierra del dulce porvenir re\u00fane todos esos cuentos in\u00e9ditos, que durante d\u00e9cadas estudiosos y bi\u00f3grafos daban por perdidos y aparecieron en su apartamento tras su muerte entre las pilas de su correspondencia, as\u00ed como los textos que Lee public\u00f3 en medios como Vogue u O Magazine entre 1961 y 2006, con reflexiones sobre la necesidad de una ense\u00f1anza responsable, historias personales como la de la pareja de amigos que le brind\u00f3 la posibilidad de dejar su trabajo para dedicarse a escribir su novela, una receta de cocina o sendos perfiles de Gregory Peck y Truman Capote.<\/p>\n<p>Una visi\u00f3n sin precedentes sobre el origen de una voz irrepetible, unos personajes y unos temas que siguen siendo vitales como la pol\u00edtica, la igualdad, el amor, la ficci\u00f3n, el arte, el Sur de Estados Unidos y lo que significa llevar una vida comprometida y creativa, con la que se cierra el c\u00edrculo sobre una de nuestras escritoras m\u00e1s queridas y enigm\u00e1ticas, que dijo de s\u00ed misma en una ocasi\u00f3n: \u00abSoy m\u00e1s reescritora que escritora\u00bb.<\/p>\n<p><img fetchpriority=\"high\" decoding=\"async\" class=\"wp-image-517452\" src=\"https:\/\/www.europesays.com\/es\/wp-content\/uploads\/2025\/10\/La-tierra-del-dulce-porvenir.png\" alt=\"\" width=\"218\" height=\"331\"  \/>Portada de la edici\u00f3n espa\u00f1ola.<\/p>\n<p>\u00abLa escritora que describi\u00f3 como pocos el sur profundo de Estados Unidos, el de la segregaci\u00f3n, el racismo y la pobreza\u00bb.\u00a0<strong>Francesc Peir\u00f3n, La Vanguardia<\/strong><\/p>\n<p>\u00abUn icono de la literatura moderna\u00bb. <strong>In\u00e9s Mart\u00ednez, Harper\u2019s Bazaar<\/strong><\/p>\n<p>\u00abDivertida, intratable, iconoclasta, [\u2026] exasperante y cautivadora\u00bb. <strong>The Chicago Tribune<\/strong><\/p>\n<p>\u00abLa mujer que mejor relat\u00f3 la llamada \u2018Am\u00e9rica profunda\u2019 del sur de EEUU y sus conflictos, todav\u00eda latentes, con una mirada tan inocente como ingeniosa\u00bb. <strong>EFE<\/strong><\/p>\n<p>\u00abAlguien excepcional ha escrito esta magn\u00edfica novela, alguien con un sentido de la vida, y del humor, vibrante, c\u00e1lido y aut\u00e9ntico. Un libro conmovedor y entra\u00f1able\u00bb. <strong>Truman Capote, sobre Matar a un ruise\u00f1or<\/strong><\/p>\n<p>\u00abGracias, Harper Lee, por ese libro que tanto sigue ense\u00f1ando, generaci\u00f3n tras generaci\u00f3n, sobre la piedad, la furia, el miedo, el perd\u00f3n. No es novela, es poes\u00eda sobre la infancia\u00bb. <strong>Elvira Lindo<\/strong><\/p>\n<p>\u00abUn mill\u00f3n de personas cada a\u00f1o siguen descubriendo a Scout, a Atticus, a Boo Radley, a Dill, a Calpurnia y a todos los personajes maravillosos que esa obra nos ha dejado para siempre\u00bb. <strong>Javier Pe\u00f1a, Grandes infelices<\/strong><\/p>\n<p>\u00abMaycomb se convirti\u00f3 en lo que a\u00f1os despu\u00e9s tambi\u00e9n fue Macondo: un lugar ficticio, que situamos y guardamos en nuestro imaginario y que se convierte en parte imprescindible de nuestra cultura popular\u00bb. <strong>Roc\u00edo Niebla, elDiario<\/strong><\/p>\n","protected":false},"excerpt":{"rendered":"Hoy llega a las librer\u00edas, publicado por Lumen y con traducci\u00f3n de Eugenia V\u00e1zquez Nacarino, el libro de&hellip;\n","protected":false},"author":2,"featured_media":195915,"comment_status":"","ping_status":"","sticky":false,"template":"","format":"standard","meta":{"footnotes":""},"categories":[172],"tags":[224,146,147,25,24,54417,225,54418,23],"class_list":{"0":"post-195914","1":"post","2":"type-post","3":"status-publish","4":"format-standard","5":"has-post-thumbnail","7":"category-libros","8":"tag-books","9":"tag-entertainment","10":"tag-entretenimiento","11":"tag-es","12":"tag-espana","13":"tag-harper-lee","14":"tag-libros","15":"tag-matar-un-ruisenor","16":"tag-spain"},"share_on_mastodon":{"url":"https:\/\/pubeurope.com\/@es\/115423315709786382","error":""},"_links":{"self":[{"href":"https:\/\/www.europesays.com\/es\/wp-json\/wp\/v2\/posts\/195914","targetHints":{"allow":["GET"]}}],"collection":[{"href":"https:\/\/www.europesays.com\/es\/wp-json\/wp\/v2\/posts"}],"about":[{"href":"https:\/\/www.europesays.com\/es\/wp-json\/wp\/v2\/types\/post"}],"author":[{"embeddable":true,"href":"https:\/\/www.europesays.com\/es\/wp-json\/wp\/v2\/users\/2"}],"replies":[{"embeddable":true,"href":"https:\/\/www.europesays.com\/es\/wp-json\/wp\/v2\/comments?post=195914"}],"version-history":[{"count":0,"href":"https:\/\/www.europesays.com\/es\/wp-json\/wp\/v2\/posts\/195914\/revisions"}],"wp:featuredmedia":[{"embeddable":true,"href":"https:\/\/www.europesays.com\/es\/wp-json\/wp\/v2\/media\/195915"}],"wp:attachment":[{"href":"https:\/\/www.europesays.com\/es\/wp-json\/wp\/v2\/media?parent=195914"}],"wp:term":[{"taxonomy":"category","embeddable":true,"href":"https:\/\/www.europesays.com\/es\/wp-json\/wp\/v2\/categories?post=195914"},{"taxonomy":"post_tag","embeddable":true,"href":"https:\/\/www.europesays.com\/es\/wp-json\/wp\/v2\/tags?post=195914"}],"curies":[{"name":"wp","href":"https:\/\/api.w.org\/{rel}","templated":true}]}}