{"id":195929,"date":"2025-10-23T11:55:10","date_gmt":"2025-10-23T11:55:10","guid":{"rendered":"https:\/\/www.europesays.com\/es\/195929\/"},"modified":"2025-10-23T11:55:10","modified_gmt":"2025-10-23T11:55:10","slug":"leon-xiv-recuerda-a-juan-pablo-ii-hoy-sigue-siendo-necesario-abrirse-a-cristo","status":"publish","type":"post","link":"https:\/\/www.europesays.com\/es\/195929\/","title":{"rendered":"Le\u00f3n XIV recuerda a Juan Pablo II: Hoy sigue siendo necesario abrirse a Cristo"},"content":{"rendered":"<p>En la memoria lit\u00fargica de Karol Wojty\u0142a, al saludar a los fieles polacos que participaron en la Audiencia general, el Papa inst\u00f3 a todos a seguir la invitaci\u00f3n que el santo Pont\u00edfice expres\u00f3 hace 47 a\u00f1os en su homil\u00eda de la Misa de inauguraci\u00f3n de su pontificado: \u00abTodos estamos llamados a hacerlo nuestro\u00bb.<\/p>\n<p><b>Vatican News<\/b><\/p>\n<p>\u201cHoy celebramos la memoria lit\u00fargica de san Juan Pablo II. Hace exactamente 47 a\u00f1os, en esta plaza, inst\u00f3 al mundo a abrirse a Cristo. Este llamamiento sigue vigente hoy: todos estamos llamados a hacerlo nuestro\u201d.<\/p>\n<p>Con estas palabras, el Papa Le\u00f3n XIV, al saludar a los fieles de habla polaca presentes en la audiencia general en una Plaza de San Pedro lluviosa, record\u00f3 la Misa de inauguraci\u00f3n del pontificado de Juan Pablo II. Era el 22 de octubre de 1978, y en su primera homil\u00eda como Obispo de Roma, Wojty\u0142a exhort\u00f3 al mundo a \u00ababrir de par en par las puertas a Cristo\u00bb. Esta expresi\u00f3n se convertir\u00eda posteriormente en el sello distintivo de su pontificado. Y cuando, el 27 de abril de 2014, el papa Francisco canoniz\u00f3 a Juan Pablo II, la entonces Congregaci\u00f3n para el Culto Divino estableci\u00f3 que la memoria lit\u00fargica del Papa polaco se celebrara el 22 de octubre, en lugar del d\u00eda de su muerte, el 2 de abril.<\/p>\n<p>    <img decoding=\"async\" src=\"data:image\/gif;base64,R0lGODlhAQABAIAAAAAAAP\/\/\/yH5BAEAAAAALAAAAAABAAEAAAIBRAA7\" data-original=\"https:\/\/www.vaticannews.va\/content\/dam\/vaticannews\/agenzie\/images\/srv\/2025\/10\/22\/2025-10-22-udienza-generale\/1761122392095.JPG\/_jcr_content\/renditions\/cq5dam.thumbnail.cropped.750.422.jpeg\" alt=\"El Papa en la Audiencia\" title=\"El Papa en la Audiencia\"\/><\/p>\n<p>\n   El Papa en la Audiencia \u00a0 (@Vatican Media)\n  <\/p>\n<p><b>Renovar la cooperaci\u00f3n en la misi\u00f3n de la Iglesia<\/b> <\/p>\n<p>Al final de la Audiencia, el Papa Le\u00f3n record\u00f3 que \u00abel mes de octubre nos invita a renovar nuestra cooperaci\u00f3n activa en la misi\u00f3n de la Iglesia\u00bb. \u00abCon la fuerza de la oraci\u00f3n, con el potencial de la vida matrimonial y con la renovada energ\u00eda de la juventud, sean misioneros del Evangelio, ofreciendo su apoyo concreto a quienes dedican su vida a la evangelizaci\u00f3n de los pueblos\u00bb, dijo, dirigi\u00e9ndose a los j\u00f3venes y a los reci\u00e9n casados.<\/p>\n<p>    <img decoding=\"async\" src=\"data:image\/gif;base64,R0lGODlhAQABAIAAAAAAAP\/\/\/yH5BAEAAAAALAAAAAABAAEAAAIBRAA7\" data-original=\"https:\/\/www.vaticannews.va\/content\/dam\/vaticannews\/agenzie\/images\/srv\/2025\/10\/22\/2025-10-22-udienza-generale\/1761129267995.JPG\/_jcr_content\/renditions\/cq5dam.thumbnail.cropped.750.422.jpeg\" alt=\"El Papa bendice a los reci\u00e9n casados\" title=\"El Papa bendice a los reci\u00e9n casados\"\/><\/p>\n<p>\n   El Papa bendice a los reci\u00e9n casados \u00a0 (@Vatican Media)\n  <\/p>\n<p><b>Agradecimiento a los \u201cAmigos del Santo Padre\u201d<\/b> <\/p>\n<p>Al saludar a los fieles de lengua inglesa, Le\u00f3n XIV agradeci\u00f3 especialmente al grupo de benefactores \u00abAmigos del Santo Padre\u00bb de Gran Breta\u00f1a por la donaci\u00f3n del estudio m\u00f3vil para los servicios de informaci\u00f3n de Vatican News.<\/p>\n<p>    <img decoding=\"async\" src=\"data:image\/gif;base64,R0lGODlhAQABAIAAAAAAAP\/\/\/yH5BAEAAAAALAAAAAABAAEAAAIBRAA7\" data-original=\"https:\/\/www.vaticannews.va\/content\/dam\/vaticannews\/agenzie\/images\/srv\/2025\/10\/22\/2025-10-22-udienza-generale\/1761122397423.JPG\/_jcr_content\/renditions\/cq5dam.thumbnail.cropped.750.422.jpeg\" alt=\"Plaza de San Pedro\" title=\"Plaza de San Pedro\"\/><\/p>\n<p>\n   Plaza de San Pedro \u00a0 (@VATICAN MEDIA)\n  <\/p>\n<p>El estudio, una estructura dise\u00f1ada como espacio multiling\u00fce de encuentro e informaci\u00f3n para la labor de Radio Vaticano &#8211; Vatican News &#8211; L&#8217;Osservatore Romano, se encuentra desde julio bajo la columnata de San Pedro, bajo el llamado \u00abBrazo de Carlomagno\u00bb. La estaci\u00f3n, dise\u00f1ada para proporcionar a los peregrinos del Jubileo informaci\u00f3n m\u00e1s cercana, se estren\u00f3 el 25 de julio con la emisi\u00f3n del programa \u00abRadio Vaticano con Ustedes\u00bb.<\/p>\n","protected":false},"excerpt":{"rendered":"En la memoria lit\u00fargica de Karol Wojty\u0142a, al saludar a los fieles polacos que participaron en la Audiencia&hellip;\n","protected":false},"author":2,"featured_media":195930,"comment_status":"","ping_status":"","sticky":false,"template":"","format":"standard","meta":{"footnotes":""},"categories":[8],"tags":[9807,33909,17,18,38237,25,24,13,14,11,19,20,9,10,15,16,54419,400,23,12,21,22],"class_list":{"0":"post-195929","1":"post","2":"type-post","3":"status-publish","4":"format-standard","5":"has-post-thumbnail","7":"category-espana","8":"tag-aniversario","9":"tag-audiencia-general","10":"tag-breaking-news","11":"tag-breakingnews","12":"tag-dicasterio-para-la-comunicacion","13":"tag-es","14":"tag-espana","15":"tag-featured-news","16":"tag-featurednews","17":"tag-headlines","18":"tag-latest-news","19":"tag-latestnews","20":"tag-news","21":"tag-noticias","22":"tag-noticias-destacadas","23":"tag-noticiasdestacadas","24":"tag-papa-juan-pablo-ii","25":"tag-papa-leon-xiv","26":"tag-spain","27":"tag-titulares","28":"tag-ultimas-noticias","29":"tag-ultimasnoticias"},"share_on_mastodon":{"url":"https:\/\/pubeurope.com\/@es\/115423354845381377","error":""},"_links":{"self":[{"href":"https:\/\/www.europesays.com\/es\/wp-json\/wp\/v2\/posts\/195929","targetHints":{"allow":["GET"]}}],"collection":[{"href":"https:\/\/www.europesays.com\/es\/wp-json\/wp\/v2\/posts"}],"about":[{"href":"https:\/\/www.europesays.com\/es\/wp-json\/wp\/v2\/types\/post"}],"author":[{"embeddable":true,"href":"https:\/\/www.europesays.com\/es\/wp-json\/wp\/v2\/users\/2"}],"replies":[{"embeddable":true,"href":"https:\/\/www.europesays.com\/es\/wp-json\/wp\/v2\/comments?post=195929"}],"version-history":[{"count":0,"href":"https:\/\/www.europesays.com\/es\/wp-json\/wp\/v2\/posts\/195929\/revisions"}],"wp:featuredmedia":[{"embeddable":true,"href":"https:\/\/www.europesays.com\/es\/wp-json\/wp\/v2\/media\/195930"}],"wp:attachment":[{"href":"https:\/\/www.europesays.com\/es\/wp-json\/wp\/v2\/media?parent=195929"}],"wp:term":[{"taxonomy":"category","embeddable":true,"href":"https:\/\/www.europesays.com\/es\/wp-json\/wp\/v2\/categories?post=195929"},{"taxonomy":"post_tag","embeddable":true,"href":"https:\/\/www.europesays.com\/es\/wp-json\/wp\/v2\/tags?post=195929"}],"curies":[{"name":"wp","href":"https:\/\/api.w.org\/{rel}","templated":true}]}}