{"id":195933,"date":"2025-10-23T11:57:12","date_gmt":"2025-10-23T11:57:12","guid":{"rendered":"https:\/\/www.europesays.com\/es\/195933\/"},"modified":"2025-10-23T11:57:12","modified_gmt":"2025-10-23T11:57:12","slug":"exodo-y-un-debut-internacional-en-el-irudek-bidasoa-irun","status":"publish","type":"post","link":"https:\/\/www.europesays.com\/es\/195933\/","title":{"rendered":"\u00c9xodo y un debut internacional en el Irudek Bidasoa Irun"},"content":{"rendered":"<p>\n        <strong>Siete jugadores del <\/strong><a href=\"https:\/\/www.noticiasdegipuzkoa.eus\/tags\/club-deportivo-bidasoa\/\" title=\"Club Deportivo Bidasoa\" target=\"_blank\" class=\"link copy\" rel=\"nofollow noopener\"><strong>Club Deportivo Bidasoa<\/strong><\/a> han sido convocados por sus respectivas selecciones nacionales con motivo del par\u00f3n internacional del mes de noviembre, a los que se suma la incorporaci\u00f3n de Nacho Torrescusa como preparador f\u00edsico del cuerpo t\u00e9cnico de Jordi Ribera y Julen Aginagalde a Polonia.\n<\/p>\n<p class=\"article-body__text \">\n        <strong>Mario Nevado<\/strong>, que debutar\u00e1 con la absoluta, y el citado <strong>Torrescusa <\/strong>formar\u00e1n parte de la selecci\u00f3n espa\u00f1ola que lidera el ext\u00e9cnico bidasotarra para disputar un doble enfrentamiento amistoso ante Suecia, programado para los d\u00edas 30 de octubre y 1 de noviembre.\n<\/p>\n<p>            <a href=\"https:\/\/www.noticiasdegipuzkoa.eus\/balonmano\/2025\/10\/13\/jugador-bidasotarra-mario-nevado-seleccion-espanola-kauldi-odriozola-imanol-garciandia-10209329.html\" title=\"El bidasotarra Mario Nevado, a la selecci\u00f3n espa\u00f1ola con Odriozola y Garciandia\" class=\"new__media\" rel=\"nofollow noopener\" target=\"_blank\"><\/p>\n<p>                <img alt=\"El bidasotarra Mario Nevado, a la selecci\u00f3n espa\u00f1ola con Odriozola y Garciandia\" data-src=\"https:\/\/www.europesays.com\/es\/wp-content\/uploads\/2025\/10\/7f373c00-b64c-44a7-bd9a-ca374c50d79a_16-9-aspect-ratio_default_0.jpg\" class=\"lozad\"\/><\/p>\n<p>        <\/a><\/p>\n<p>        <a href=\"https:\/\/www.noticiasdegipuzkoa.eus\/balonmano\/2025\/10\/13\/jugador-bidasotarra-mario-nevado-seleccion-espanola-kauldi-odriozola-imanol-garciandia-10209329.html\" title=\"El bidasotarra Mario Nevado, a la selecci\u00f3n espa\u00f1ola con Odriozola y Garciandia\" class=\"new__headline\" rel=\"nofollow noopener\" target=\"_blank\"><br \/>\n            El bidasotarra Mario Nevado, a la selecci\u00f3n espa\u00f1ola con Odriozola y Garciandia<br \/>\n        <\/a><\/p>\n<p class=\"article-body__text \">\n        Los hermanos <strong>Rodrigo y Esteban Salinas<\/strong> han sido citados por la selecci\u00f3n de Chile, dirigida por otro exjugador y exentrenador bidasotarra como Aitor Etxaburu, para participar en el Torneo Cuatro Naciones, que se celebrar\u00e1 <strong>en Buenos Aires <\/strong>del 29 de octubre al 1 de noviembre.\n<\/p>\n<p>  Debuta Mielczarski<\/p>\n<p class=\"article-body__text \">\n        Por su parte, <strong>Piotr Mielczarski y Jakub Skrzyniarz <\/strong>han sido llamados por la selecci\u00f3n de Polonia que entrena Jota Gonz\u00e1lez, en la que el director deportivo del club, <strong>Julen Aginagalde<\/strong>, ejerce como entrenador asistente. El combinado polaco, en el que se estrena el jovenc\u00edsimo primera l\u00ednea, disputar\u00e1 un partido amistoso frente a la Rep\u00fablica Checa el 31 de octubre.\n<\/p>\n<p class=\"article-body__text \">\n        Adem\u00e1s,<strong> Marko Jevtic<\/strong> ha sido convocado por la selecci\u00f3n de Serbia, que jugar\u00e1 un encuentro amistoso ante Eslovenia tambi\u00e9n el 31 de octubre.\n<\/p>\n<p>  Mundial sub-17 en Marruecos<\/p>\n<p class=\"article-body__text \">\n        Por otro lado, el jugador del filial <a href=\"https:\/\/www.noticiasdegipuzkoa.eus\/balonmano\/2025\/10\/11\/irundarra-unai-barreto-mundial-sub-17-marruecos-10200613.html\" title=\"Unai Barreto ha sido incluido en la lista de la selecci\u00f3n espa\u00f1ola sub-17\" target=\"_blank\" class=\"link copy\" rel=\"nofollow noopener\"><strong>Unai Barreto ha sido incluido en la lista de la selecci\u00f3n espa\u00f1ola sub-17<\/strong><\/a>, que disputar\u00e1 el primer Mundial de la categor\u00eda en Marruecos.\n<\/p>\n<p class=\"article-body__text \">\n        La cita arrancar\u00e1 este viernes en el pa\u00eds alauita y se prolongar\u00e1 hasta el 1 de noviembre.<\/p>\n","protected":false},"excerpt":{"rendered":"Siete jugadores del Club Deportivo Bidasoa han sido convocados por sus respectivas selecciones nacionales con motivo del par\u00f3n&hellip;\n","protected":false},"author":2,"featured_media":195934,"comment_status":"","ping_status":"","sticky":false,"template":"","format":"standard","meta":{"footnotes":""},"categories":[278],"tags":[376,2645,5437,168,25,24,21330,375,61,7599,7600,23,167],"class_list":{"0":"post-195933","1":"post","2":"type-post","3":"status-publish","4":"format-standard","5":"has-post-thumbnail","7":"category-balonmano","8":"tag-balonmano","9":"tag-bidasoa","10":"tag-debut","11":"tag-deportes","12":"tag-es","13":"tag-espana","14":"tag-exodo","15":"tag-handball","16":"tag-internacional","17":"tag-irudek","18":"tag-irun","19":"tag-spain","20":"tag-sports"},"share_on_mastodon":{"url":"https:\/\/pubeurope.com\/@es\/115423362614727051","error":""},"_links":{"self":[{"href":"https:\/\/www.europesays.com\/es\/wp-json\/wp\/v2\/posts\/195933","targetHints":{"allow":["GET"]}}],"collection":[{"href":"https:\/\/www.europesays.com\/es\/wp-json\/wp\/v2\/posts"}],"about":[{"href":"https:\/\/www.europesays.com\/es\/wp-json\/wp\/v2\/types\/post"}],"author":[{"embeddable":true,"href":"https:\/\/www.europesays.com\/es\/wp-json\/wp\/v2\/users\/2"}],"replies":[{"embeddable":true,"href":"https:\/\/www.europesays.com\/es\/wp-json\/wp\/v2\/comments?post=195933"}],"version-history":[{"count":0,"href":"https:\/\/www.europesays.com\/es\/wp-json\/wp\/v2\/posts\/195933\/revisions"}],"wp:featuredmedia":[{"embeddable":true,"href":"https:\/\/www.europesays.com\/es\/wp-json\/wp\/v2\/media\/195934"}],"wp:attachment":[{"href":"https:\/\/www.europesays.com\/es\/wp-json\/wp\/v2\/media?parent=195933"}],"wp:term":[{"taxonomy":"category","embeddable":true,"href":"https:\/\/www.europesays.com\/es\/wp-json\/wp\/v2\/categories?post=195933"},{"taxonomy":"post_tag","embeddable":true,"href":"https:\/\/www.europesays.com\/es\/wp-json\/wp\/v2\/tags?post=195933"}],"curies":[{"name":"wp","href":"https:\/\/api.w.org\/{rel}","templated":true}]}}