{"id":195935,"date":"2025-10-23T11:59:11","date_gmt":"2025-10-23T11:59:11","guid":{"rendered":"https:\/\/www.europesays.com\/es\/195935\/"},"modified":"2025-10-23T11:59:11","modified_gmt":"2025-10-23T11:59:11","slug":"brendan-allen-de-ufc-dice-que-reinier-de-ridder-renuncio-durante-la-pelea-100","status":"publish","type":"post","link":"https:\/\/www.europesays.com\/es\/195935\/","title":{"rendered":"Brendan Allen de UFC dice que Reinier de Ridder renunci\u00f3 durante la pelea, \u2018100%\u2019"},"content":{"rendered":"<p><strong>Brendan Allen <\/strong>no se anda con rodeos despu\u00e9s de una breve y sorpresiva victoria contra <strong>Reinier de Ridder <\/strong>\u2026 dicho <strong>deportes <\/strong>\u00a1\u00a1El equipo de su oponente no fue responsable del retiro, sino el luchador mismo!!<\/p>\n<p>Nos reunimos con Allen despu\u00e9s de su gran actuaci\u00f3n en UFC Vancouver durante el fin de semana\u2026 que termin\u00f3 cuando RDR no respondi\u00f3 a la campana para comenzar el quinto asalto.<\/p>\n<p>Allen dijo que se dio cuenta del momento en que vol\u00f3 la esquina de RDR\u2026 y aunque los entrenadores de Rainier juraron que fue su decisi\u00f3n, \u00e9l tuvo una opini\u00f3n diferente.<\/p>\n<p>\u201cFue algo as\u00ed como \u2018Est\u00e1s bien, est\u00e1s listo\u2019 o algo as\u00ed\u201d, dijo. \u201cY \u00e9l dijo: \u2018No\u2019. Dijeron: \u201c\u00bfTerminaste?\u201d \u00c9l dijo \u201cS\u00ed\u201d.<\/p>\n<p>\u201cNo se trataba de sus entrenadores. No se trataba de su \u00e1ngulo. Renunci\u00f3. Le hicieron las dos preguntas. Dijo \u2018S\u00ed\u2019 y \u2018No\u2019. Nuevamente, estaba en otro idioma. Simplemente mir\u00e9 y escuch\u00e9 la traducci\u00f3n tal como era\u201d.<\/p>\n<p>De cualquier manera, Allen se llev\u00f3 la victoria, dejando al quinto clasificado de peso mediano de UFC con muchas opciones para su pr\u00f3xima pelea. Entonces, \u00bfa qui\u00e9n quiere a continuaci\u00f3n?<\/p>\n<p>Por mucho que le encantar\u00eda tener un tiro contra <strong>Hamzat Chimaev<\/strong><strong> <\/strong>por el t\u00edtulo de peso mediano\u2026 sabe que tiene que ser realista.<\/p>\n<p>\u201cPara m\u00ed, el mejor de los casos probablemente ser\u00eda <strong>Dricus<\/strong> (<strong>Du Plessis<\/strong>) en abril, supongo\u201d, dijo Allen. \u201cMarzo, abril, mayo, en alg\u00fan lugar por ah\u00ed, ese es el mejor de los casos. Pero si no, ya sabes, todav\u00eda est\u00e1 ah\u00ed. <strong>sean<\/strong> <strong>strickland<\/strong> y me imagino (<strong>Israel Adesanya<\/strong>)\u201d<\/p>\n<p>Dejaremos el emparejamiento a los profesionales. Mientras tanto\u2026 \u00a1\u00a1felicidades por la victoria, Brendan!!<\/p>\n","protected":false},"excerpt":{"rendered":"Brendan Allen no se anda con rodeos despu\u00e9s de una breve y sorpresiva victoria contra Reinier de Ridder&hellip;\n","protected":false},"author":2,"featured_media":195936,"comment_status":"","ping_status":"","sticky":false,"template":"","format":"standard","meta":{"footnotes":""},"categories":[276],"tags":[168,25,24,23,167,343],"class_list":{"0":"post-195935","1":"post","2":"type-post","3":"status-publish","4":"format-standard","5":"has-post-thumbnail","7":"category-ufc","8":"tag-deportes","9":"tag-es","10":"tag-espana","11":"tag-spain","12":"tag-sports","13":"tag-ufc"},"share_on_mastodon":{"url":"https:\/\/pubeurope.com\/@es\/115423370657598077","error":""},"_links":{"self":[{"href":"https:\/\/www.europesays.com\/es\/wp-json\/wp\/v2\/posts\/195935","targetHints":{"allow":["GET"]}}],"collection":[{"href":"https:\/\/www.europesays.com\/es\/wp-json\/wp\/v2\/posts"}],"about":[{"href":"https:\/\/www.europesays.com\/es\/wp-json\/wp\/v2\/types\/post"}],"author":[{"embeddable":true,"href":"https:\/\/www.europesays.com\/es\/wp-json\/wp\/v2\/users\/2"}],"replies":[{"embeddable":true,"href":"https:\/\/www.europesays.com\/es\/wp-json\/wp\/v2\/comments?post=195935"}],"version-history":[{"count":0,"href":"https:\/\/www.europesays.com\/es\/wp-json\/wp\/v2\/posts\/195935\/revisions"}],"wp:featuredmedia":[{"embeddable":true,"href":"https:\/\/www.europesays.com\/es\/wp-json\/wp\/v2\/media\/195936"}],"wp:attachment":[{"href":"https:\/\/www.europesays.com\/es\/wp-json\/wp\/v2\/media?parent=195935"}],"wp:term":[{"taxonomy":"category","embeddable":true,"href":"https:\/\/www.europesays.com\/es\/wp-json\/wp\/v2\/categories?post=195935"},{"taxonomy":"post_tag","embeddable":true,"href":"https:\/\/www.europesays.com\/es\/wp-json\/wp\/v2\/tags?post=195935"}],"curies":[{"name":"wp","href":"https:\/\/api.w.org\/{rel}","templated":true}]}}